{"id":2307,"date":"2022-07-04T18:25:23","date_gmt":"2022-07-04T22:25:23","guid":{"rendered":"https:\/\/jornalismo.ufms.br\/projetil\/?p=2307"},"modified":"2022-07-06T09:10:17","modified_gmt":"2022-07-06T13:10:17","slug":"o-pantanal-e-aqui-nao-e-aqui","status":"publish","type":"post","link":"https:\/\/jornalismo-faalc.ufms.br\/projetil\/o-pantanal-e-aqui-nao-e-aqui\/","title":{"rendered":"O Pantanal \u00e9 aqui! N\u00e3o \u00e9 aqui!"},"content":{"rendered":"\n<p class=\"has-text-align-center has-accent-color has-text-color\"><strong>Reportagem Fotogr\u00e1fica: Amanda Melga\u00e7o | Giovanna Esperidi\u00e3o | Isabella Proc\u00f3pio | Maria Eduarda Metram <\/strong><\/p>\n\n\n\n<p class=\"has-text-align-center has-accent-color has-text-color\"><strong>Texto: Maria Eduarda Boin<\/strong><\/p>\n\n\n\n<hr class=\"wp-block-separator\"\/>\n\n\n\n<figure class=\"wp-block-image alignfull size-full\"><img loading=\"lazy\" decoding=\"async\" width=\"1024\" height=\"683\" src=\"https:\/\/jornalismo-faalc.ufms.br\/projetil\/wp-content\/uploads\/sites\/2\/2022\/07\/cooquinho-giovanna1-3.jpg\" alt=\"\" class=\"wp-image-2436\" srcset=\"https:\/\/jornalismo-faalc.ufms.br\/projetil\/wp-content\/uploads\/sites\/2\/2022\/07\/cooquinho-giovanna1-3.jpg 1024w, https:\/\/jornalismo-faalc.ufms.br\/projetil\/wp-content\/uploads\/sites\/2\/2022\/07\/cooquinho-giovanna1-3-300x200.jpg 300w, https:\/\/jornalismo-faalc.ufms.br\/projetil\/wp-content\/uploads\/sites\/2\/2022\/07\/cooquinho-giovanna1-3-768x512.jpg 768w, https:\/\/jornalismo-faalc.ufms.br\/projetil\/wp-content\/uploads\/sites\/2\/2022\/07\/cooquinho-giovanna1-3-400x267.jpg 400w\" sizes=\"auto, (max-width: 1024px) 100vw, 1024px\" \/><\/figure>\n\n\n\n<figure class=\"wp-block-image alignwide size-full\"><img loading=\"lazy\" decoding=\"async\" width=\"1024\" height=\"683\" src=\"https:\/\/jornalismo-faalc.ufms.br\/projetil\/wp-content\/uploads\/sites\/2\/2022\/07\/coquinho-giovanna2-1.jpg\" alt=\"\" class=\"wp-image-2435\" srcset=\"https:\/\/jornalismo-faalc.ufms.br\/projetil\/wp-content\/uploads\/sites\/2\/2022\/07\/coquinho-giovanna2-1.jpg 1024w, https:\/\/jornalismo-faalc.ufms.br\/projetil\/wp-content\/uploads\/sites\/2\/2022\/07\/coquinho-giovanna2-1-300x200.jpg 300w, https:\/\/jornalismo-faalc.ufms.br\/projetil\/wp-content\/uploads\/sites\/2\/2022\/07\/coquinho-giovanna2-1-768x512.jpg 768w, https:\/\/jornalismo-faalc.ufms.br\/projetil\/wp-content\/uploads\/sites\/2\/2022\/07\/coquinho-giovanna2-1-400x267.jpg 400w\" sizes=\"auto, (max-width: 1024px) 100vw, 1024px\" \/><figcaption>Fotos: Giovanna Esperidi\u00e3o<\/figcaption><\/figure>\n\n\n<p>Quando pensamos nas formas em que o <span style=\"color: #ff0000\"><a style=\"color: #ff0000\" href=\"https:\/\/www.google.com.br\/maps\/place\/Mato+Grosso+do+Sul\/@-20.6169522,-54.5457105,7z\/data=!3m1!4b1!4m5!3m4!1s0x947e91dbe29f7383:0x351cd8e9695410ac!8m2!3d-20.7722295!4d-54.7851531\">Mato Grosso do Sul<\/a><\/span> \u00e9 retratado em outros cantos do Brasil \u2013 indaga\u00e7\u00f5es que permeiam o tema dessa edi\u00e7\u00e3o do <span style=\"color: #ff0000\"><a style=\"color: #ff0000\" href=\"https:\/\/jornalismo-faalc.ufms.br\/projetil\/\">Proj\u00e9til<\/a><\/span> \u2013 uma das respostas que vem a mente est\u00e1 relacionada com a ineg\u00e1vel beleza de se viver em cidades cheias, ou quase cheias, ou quase vazias tamb\u00e9m, de belezas pantaneiras; ou dos ir\u00f4nicos questionamentos \u201cvoc\u00eas v\u00e3o para os lugares de barco?\u201d e \u201cas on\u00e7as atravessam nas avenidas da cidade?\u201d On\u00e7as n\u00e3o, mas capivaras sim.<\/p>\n\n\n<figure class=\"wp-block-gallery columns-3 is-cropped wp-block-gallery-1 is-layout-flex wp-block-gallery-is-layout-flex\"><ul class=\"blocks-gallery-grid\"><li class=\"blocks-gallery-item\"><figure><img loading=\"lazy\" decoding=\"async\" width=\"1024\" height=\"678\" src=\"https:\/\/jornalismo-faalc.ufms.br\/projetil\/wp-content\/uploads\/sites\/2\/2022\/07\/chupin-emily1A.jpg\" alt=\"\" data-id=\"2540\" data-full-url=\"https:\/\/jornalismo-faalc.ufms.br\/projetil\/wp-content\/uploads\/sites\/2\/2022\/07\/chupin-emily1A.jpg\" data-link=\"https:\/\/jornalismo-faalc.ufms.br\/projetil\/?attachment_id=2540\" class=\"wp-image-2540\" srcset=\"https:\/\/jornalismo-faalc.ufms.br\/projetil\/wp-content\/uploads\/sites\/2\/2022\/07\/chupin-emily1A.jpg 1024w, https:\/\/jornalismo-faalc.ufms.br\/projetil\/wp-content\/uploads\/sites\/2\/2022\/07\/chupin-emily1A-300x199.jpg 300w, https:\/\/jornalismo-faalc.ufms.br\/projetil\/wp-content\/uploads\/sites\/2\/2022\/07\/chupin-emily1A-768x509.jpg 768w, https:\/\/jornalismo-faalc.ufms.br\/projetil\/wp-content\/uploads\/sites\/2\/2022\/07\/chupin-emily1A-400x265.jpg 400w\" sizes=\"auto, (max-width: 1024px) 100vw, 1024px\" \/><\/figure><\/li><li class=\"blocks-gallery-item\"><figure><img loading=\"lazy\" decoding=\"async\" width=\"1024\" height=\"678\" src=\"https:\/\/jornalismo-faalc.ufms.br\/projetil\/wp-content\/uploads\/sites\/2\/2022\/07\/chupin-emily1B.jpg\" alt=\"\" data-id=\"2541\" data-full-url=\"https:\/\/jornalismo-faalc.ufms.br\/projetil\/wp-content\/uploads\/sites\/2\/2022\/07\/chupin-emily1B.jpg\" data-link=\"https:\/\/jornalismo-faalc.ufms.br\/projetil\/?attachment_id=2541\" class=\"wp-image-2541\" srcset=\"https:\/\/jornalismo-faalc.ufms.br\/projetil\/wp-content\/uploads\/sites\/2\/2022\/07\/chupin-emily1B.jpg 1024w, https:\/\/jornalismo-faalc.ufms.br\/projetil\/wp-content\/uploads\/sites\/2\/2022\/07\/chupin-emily1B-300x199.jpg 300w, https:\/\/jornalismo-faalc.ufms.br\/projetil\/wp-content\/uploads\/sites\/2\/2022\/07\/chupin-emily1B-768x509.jpg 768w, https:\/\/jornalismo-faalc.ufms.br\/projetil\/wp-content\/uploads\/sites\/2\/2022\/07\/chupin-emily1B-400x265.jpg 400w\" sizes=\"auto, (max-width: 1024px) 100vw, 1024px\" \/><\/figure><\/li><li class=\"blocks-gallery-item\"><figure><img loading=\"lazy\" decoding=\"async\" width=\"1024\" height=\"678\" src=\"https:\/\/jornalismo-faalc.ufms.br\/projetil\/wp-content\/uploads\/sites\/2\/2022\/07\/quero-quero-emily1-1.jpg\" alt=\"\" data-id=\"2543\" data-full-url=\"https:\/\/jornalismo-faalc.ufms.br\/projetil\/wp-content\/uploads\/sites\/2\/2022\/07\/quero-quero-emily1-1.jpg\" data-link=\"https:\/\/jornalismo-faalc.ufms.br\/projetil\/?attachment_id=2543\" class=\"wp-image-2543\" srcset=\"https:\/\/jornalismo-faalc.ufms.br\/projetil\/wp-content\/uploads\/sites\/2\/2022\/07\/quero-quero-emily1-1.jpg 1024w, https:\/\/jornalismo-faalc.ufms.br\/projetil\/wp-content\/uploads\/sites\/2\/2022\/07\/quero-quero-emily1-1-300x199.jpg 300w, https:\/\/jornalismo-faalc.ufms.br\/projetil\/wp-content\/uploads\/sites\/2\/2022\/07\/quero-quero-emily1-1-768x509.jpg 768w, https:\/\/jornalismo-faalc.ufms.br\/projetil\/wp-content\/uploads\/sites\/2\/2022\/07\/quero-quero-emily1-1-400x265.jpg 400w\" sizes=\"auto, (max-width: 1024px) 100vw, 1024px\" \/><\/figure><\/li><li class=\"blocks-gallery-item\"><figure><img loading=\"lazy\" decoding=\"async\" width=\"1024\" height=\"678\" src=\"https:\/\/jornalismo-faalc.ufms.br\/projetil\/wp-content\/uploads\/sites\/2\/2022\/07\/DSC_9504-1.jpg\" alt=\"\" data-id=\"2542\" data-full-url=\"https:\/\/jornalismo-faalc.ufms.br\/projetil\/wp-content\/uploads\/sites\/2\/2022\/07\/DSC_9504-1.jpg\" data-link=\"https:\/\/jornalismo-faalc.ufms.br\/projetil\/?attachment_id=2542\" class=\"wp-image-2542\" srcset=\"https:\/\/jornalismo-faalc.ufms.br\/projetil\/wp-content\/uploads\/sites\/2\/2022\/07\/DSC_9504-1.jpg 1024w, https:\/\/jornalismo-faalc.ufms.br\/projetil\/wp-content\/uploads\/sites\/2\/2022\/07\/DSC_9504-1-300x199.jpg 300w, https:\/\/jornalismo-faalc.ufms.br\/projetil\/wp-content\/uploads\/sites\/2\/2022\/07\/DSC_9504-1-768x509.jpg 768w, https:\/\/jornalismo-faalc.ufms.br\/projetil\/wp-content\/uploads\/sites\/2\/2022\/07\/DSC_9504-1-400x265.jpg 400w\" sizes=\"auto, (max-width: 1024px) 100vw, 1024px\" \/><\/figure><\/li><li class=\"blocks-gallery-item\"><figure><img loading=\"lazy\" decoding=\"async\" width=\"1024\" height=\"678\" src=\"https:\/\/jornalismo-faalc.ufms.br\/projetil\/wp-content\/uploads\/sites\/2\/2022\/07\/rio1B-maria-2.jpg\" alt=\"\" data-id=\"2544\" data-full-url=\"https:\/\/jornalismo-faalc.ufms.br\/projetil\/wp-content\/uploads\/sites\/2\/2022\/07\/rio1B-maria-2.jpg\" data-link=\"https:\/\/jornalismo-faalc.ufms.br\/projetil\/?attachment_id=2544\" class=\"wp-image-2544\" srcset=\"https:\/\/jornalismo-faalc.ufms.br\/projetil\/wp-content\/uploads\/sites\/2\/2022\/07\/rio1B-maria-2.jpg 1024w, https:\/\/jornalismo-faalc.ufms.br\/projetil\/wp-content\/uploads\/sites\/2\/2022\/07\/rio1B-maria-2-300x199.jpg 300w, https:\/\/jornalismo-faalc.ufms.br\/projetil\/wp-content\/uploads\/sites\/2\/2022\/07\/rio1B-maria-2-768x509.jpg 768w, https:\/\/jornalismo-faalc.ufms.br\/projetil\/wp-content\/uploads\/sites\/2\/2022\/07\/rio1B-maria-2-400x265.jpg 400w\" sizes=\"auto, (max-width: 1024px) 100vw, 1024px\" \/><\/figure><\/li><li class=\"blocks-gallery-item\"><figure><img loading=\"lazy\" decoding=\"async\" width=\"1024\" height=\"678\" src=\"https:\/\/jornalismo-faalc.ufms.br\/projetil\/wp-content\/uploads\/sites\/2\/2022\/07\/rio2-maria-2.jpg\" alt=\"\" data-id=\"2545\" data-full-url=\"https:\/\/jornalismo-faalc.ufms.br\/projetil\/wp-content\/uploads\/sites\/2\/2022\/07\/rio2-maria-2.jpg\" data-link=\"https:\/\/jornalismo-faalc.ufms.br\/projetil\/?attachment_id=2545\" class=\"wp-image-2545\" srcset=\"https:\/\/jornalismo-faalc.ufms.br\/projetil\/wp-content\/uploads\/sites\/2\/2022\/07\/rio2-maria-2.jpg 1024w, https:\/\/jornalismo-faalc.ufms.br\/projetil\/wp-content\/uploads\/sites\/2\/2022\/07\/rio2-maria-2-300x199.jpg 300w, https:\/\/jornalismo-faalc.ufms.br\/projetil\/wp-content\/uploads\/sites\/2\/2022\/07\/rio2-maria-2-768x509.jpg 768w, https:\/\/jornalismo-faalc.ufms.br\/projetil\/wp-content\/uploads\/sites\/2\/2022\/07\/rio2-maria-2-400x265.jpg 400w\" sizes=\"auto, (max-width: 1024px) 100vw, 1024px\" \/><\/figure><\/li><\/ul><figcaption class=\"blocks-gallery-caption\">Fotos (da esquerda para a direita, de cima para baixo): 1, 2 e 4 &#8211; Emily Mira; 3 &#8211; Amanda Melga\u00e7o; 5 e 6 &#8211; Maria Eduarda Metram.<\/figcaption><\/figure>\n\n\n<p>Pode parecer muito engra\u00e7ado, ou mais ainda, muito bonito, viver em uma capital em que ver araras, tucanos, capivaras e jacar\u00e9s seja rotina. Ou em cidades interioranas, em que o <span style=\"color: #ff0000\"><a style=\"color: #ff0000\" href=\"https:\/\/www.turismo.ms.gov.br\/conheca-ms\/pantanal\/\">Pantanal<\/a><\/span> se faz t\u00e3o presente quanto o concreto e a brita. Entretanto, o que est\u00e1 por tr\u00e1s de um bioma que, mesmo com 138.183km\u00b2, aparece espalhado pelas cidades do Mato Grosso do Sul?<\/p>\n\n\n<figure class=\"wp-block-gallery alignwide columns-3 is-cropped wp-block-gallery-2 is-layout-flex wp-block-gallery-is-layout-flex\"><ul class=\"blocks-gallery-grid\"><li class=\"blocks-gallery-item\"><figure><img loading=\"lazy\" decoding=\"async\" width=\"1024\" height=\"678\" src=\"https:\/\/jornalismo-faalc.ufms.br\/projetil\/wp-content\/uploads\/sites\/2\/2022\/07\/tucano1-amanda.jpg\" alt=\"\" data-id=\"2538\" data-full-url=\"https:\/\/jornalismo-faalc.ufms.br\/projetil\/wp-content\/uploads\/sites\/2\/2022\/07\/tucano1-amanda.jpg\" data-link=\"https:\/\/jornalismo-faalc.ufms.br\/projetil\/?attachment_id=2538\" class=\"wp-image-2538\" srcset=\"https:\/\/jornalismo-faalc.ufms.br\/projetil\/wp-content\/uploads\/sites\/2\/2022\/07\/tucano1-amanda.jpg 1024w, https:\/\/jornalismo-faalc.ufms.br\/projetil\/wp-content\/uploads\/sites\/2\/2022\/07\/tucano1-amanda-300x199.jpg 300w, https:\/\/jornalismo-faalc.ufms.br\/projetil\/wp-content\/uploads\/sites\/2\/2022\/07\/tucano1-amanda-768x509.jpg 768w, https:\/\/jornalismo-faalc.ufms.br\/projetil\/wp-content\/uploads\/sites\/2\/2022\/07\/tucano1-amanda-400x265.jpg 400w\" sizes=\"auto, (max-width: 1024px) 100vw, 1024px\" \/><\/figure><\/li><li class=\"blocks-gallery-item\"><figure><img loading=\"lazy\" decoding=\"async\" width=\"1024\" height=\"678\" src=\"https:\/\/jornalismo-faalc.ufms.br\/projetil\/wp-content\/uploads\/sites\/2\/2022\/07\/tucano2-amanda-2.jpg\" alt=\"\" data-id=\"2539\" data-full-url=\"https:\/\/jornalismo-faalc.ufms.br\/projetil\/wp-content\/uploads\/sites\/2\/2022\/07\/tucano2-amanda-2.jpg\" data-link=\"https:\/\/jornalismo-faalc.ufms.br\/projetil\/?attachment_id=2539\" class=\"wp-image-2539\" srcset=\"https:\/\/jornalismo-faalc.ufms.br\/projetil\/wp-content\/uploads\/sites\/2\/2022\/07\/tucano2-amanda-2.jpg 1024w, https:\/\/jornalismo-faalc.ufms.br\/projetil\/wp-content\/uploads\/sites\/2\/2022\/07\/tucano2-amanda-2-300x199.jpg 300w, https:\/\/jornalismo-faalc.ufms.br\/projetil\/wp-content\/uploads\/sites\/2\/2022\/07\/tucano2-amanda-2-768x509.jpg 768w, https:\/\/jornalismo-faalc.ufms.br\/projetil\/wp-content\/uploads\/sites\/2\/2022\/07\/tucano2-amanda-2-400x265.jpg 400w\" sizes=\"auto, (max-width: 1024px) 100vw, 1024px\" \/><\/figure><\/li><li class=\"blocks-gallery-item\"><figure><img loading=\"lazy\" decoding=\"async\" width=\"1024\" height=\"678\" src=\"https:\/\/jornalismo-faalc.ufms.br\/projetil\/wp-content\/uploads\/sites\/2\/2022\/07\/DSC_9524-2.jpg\" alt=\"\" data-id=\"2537\" data-full-url=\"https:\/\/jornalismo-faalc.ufms.br\/projetil\/wp-content\/uploads\/sites\/2\/2022\/07\/DSC_9524-2.jpg\" data-link=\"https:\/\/jornalismo-faalc.ufms.br\/projetil\/?attachment_id=2537\" class=\"wp-image-2537\" srcset=\"https:\/\/jornalismo-faalc.ufms.br\/projetil\/wp-content\/uploads\/sites\/2\/2022\/07\/DSC_9524-2.jpg 1024w, https:\/\/jornalismo-faalc.ufms.br\/projetil\/wp-content\/uploads\/sites\/2\/2022\/07\/DSC_9524-2-300x199.jpg 300w, https:\/\/jornalismo-faalc.ufms.br\/projetil\/wp-content\/uploads\/sites\/2\/2022\/07\/DSC_9524-2-768x509.jpg 768w, https:\/\/jornalismo-faalc.ufms.br\/projetil\/wp-content\/uploads\/sites\/2\/2022\/07\/DSC_9524-2-400x265.jpg 400w\" sizes=\"auto, (max-width: 1024px) 100vw, 1024px\" \/><\/figure><\/li><\/ul><figcaption class=\"blocks-gallery-caption\">Fotos: Amanda Melga\u00e7o <\/figcaption><\/figure>\n\n\n\n<figure class=\"wp-block-gallery columns-3 is-cropped wp-block-gallery-3 is-layout-flex wp-block-gallery-is-layout-flex\"><ul class=\"blocks-gallery-grid\"><li class=\"blocks-gallery-item\"><figure><img loading=\"lazy\" decoding=\"async\" width=\"1024\" height=\"613\" src=\"https:\/\/jornalismo-faalc.ufms.br\/projetil\/wp-content\/uploads\/sites\/2\/2022\/07\/arara-ana-laura2B.jpg\" alt=\"\" data-id=\"2546\" data-full-url=\"https:\/\/jornalismo-faalc.ufms.br\/projetil\/wp-content\/uploads\/sites\/2\/2022\/07\/arara-ana-laura2B.jpg\" data-link=\"https:\/\/jornalismo-faalc.ufms.br\/projetil\/?attachment_id=2546\" class=\"wp-image-2546\" srcset=\"https:\/\/jornalismo-faalc.ufms.br\/projetil\/wp-content\/uploads\/sites\/2\/2022\/07\/arara-ana-laura2B.jpg 1024w, https:\/\/jornalismo-faalc.ufms.br\/projetil\/wp-content\/uploads\/sites\/2\/2022\/07\/arara-ana-laura2B-300x180.jpg 300w, https:\/\/jornalismo-faalc.ufms.br\/projetil\/wp-content\/uploads\/sites\/2\/2022\/07\/arara-ana-laura2B-768x460.jpg 768w, https:\/\/jornalismo-faalc.ufms.br\/projetil\/wp-content\/uploads\/sites\/2\/2022\/07\/arara-ana-laura2B-400x239.jpg 400w\" sizes=\"auto, (max-width: 1024px) 100vw, 1024px\" \/><\/figure><\/li><li class=\"blocks-gallery-item\"><figure><img loading=\"lazy\" decoding=\"async\" width=\"1024\" height=\"683\" src=\"https:\/\/jornalismo-faalc.ufms.br\/projetil\/wp-content\/uploads\/sites\/2\/2022\/07\/arara-giovanna1.jpg\" alt=\"\" data-id=\"2547\" data-full-url=\"https:\/\/jornalismo-faalc.ufms.br\/projetil\/wp-content\/uploads\/sites\/2\/2022\/07\/arara-giovanna1.jpg\" data-link=\"https:\/\/jornalismo-faalc.ufms.br\/projetil\/?attachment_id=2547\" class=\"wp-image-2547\" srcset=\"https:\/\/jornalismo-faalc.ufms.br\/projetil\/wp-content\/uploads\/sites\/2\/2022\/07\/arara-giovanna1.jpg 1024w, https:\/\/jornalismo-faalc.ufms.br\/projetil\/wp-content\/uploads\/sites\/2\/2022\/07\/arara-giovanna1-300x200.jpg 300w, https:\/\/jornalismo-faalc.ufms.br\/projetil\/wp-content\/uploads\/sites\/2\/2022\/07\/arara-giovanna1-768x512.jpg 768w, https:\/\/jornalismo-faalc.ufms.br\/projetil\/wp-content\/uploads\/sites\/2\/2022\/07\/arara-giovanna1-400x267.jpg 400w\" sizes=\"auto, (max-width: 1024px) 100vw, 1024px\" \/><\/figure><\/li><li class=\"blocks-gallery-item\"><figure><img loading=\"lazy\" decoding=\"async\" width=\"1024\" height=\"678\" src=\"https:\/\/jornalismo-faalc.ufms.br\/projetil\/wp-content\/uploads\/sites\/2\/2022\/07\/garca-branca-emily1A.jpg\" alt=\"\" data-id=\"2548\" data-full-url=\"https:\/\/jornalismo-faalc.ufms.br\/projetil\/wp-content\/uploads\/sites\/2\/2022\/07\/garca-branca-emily1A.jpg\" data-link=\"https:\/\/jornalismo-faalc.ufms.br\/projetil\/?attachment_id=2548\" class=\"wp-image-2548\" srcset=\"https:\/\/jornalismo-faalc.ufms.br\/projetil\/wp-content\/uploads\/sites\/2\/2022\/07\/garca-branca-emily1A.jpg 1024w, https:\/\/jornalismo-faalc.ufms.br\/projetil\/wp-content\/uploads\/sites\/2\/2022\/07\/garca-branca-emily1A-300x199.jpg 300w, https:\/\/jornalismo-faalc.ufms.br\/projetil\/wp-content\/uploads\/sites\/2\/2022\/07\/garca-branca-emily1A-768x509.jpg 768w, https:\/\/jornalismo-faalc.ufms.br\/projetil\/wp-content\/uploads\/sites\/2\/2022\/07\/garca-branca-emily1A-400x265.jpg 400w\" sizes=\"auto, (max-width: 1024px) 100vw, 1024px\" \/><\/figure><\/li><li class=\"blocks-gallery-item\"><figure><img loading=\"lazy\" decoding=\"async\" width=\"1024\" height=\"576\" src=\"https:\/\/jornalismo-faalc.ufms.br\/projetil\/wp-content\/uploads\/sites\/2\/2022\/07\/garca-branca-giovanna2A.jpg\" alt=\"\" data-id=\"2549\" data-full-url=\"https:\/\/jornalismo-faalc.ufms.br\/projetil\/wp-content\/uploads\/sites\/2\/2022\/07\/garca-branca-giovanna2A.jpg\" data-link=\"https:\/\/jornalismo-faalc.ufms.br\/projetil\/?attachment_id=2549\" class=\"wp-image-2549\" srcset=\"https:\/\/jornalismo-faalc.ufms.br\/projetil\/wp-content\/uploads\/sites\/2\/2022\/07\/garca-branca-giovanna2A.jpg 1024w, https:\/\/jornalismo-faalc.ufms.br\/projetil\/wp-content\/uploads\/sites\/2\/2022\/07\/garca-branca-giovanna2A-300x169.jpg 300w, https:\/\/jornalismo-faalc.ufms.br\/projetil\/wp-content\/uploads\/sites\/2\/2022\/07\/garca-branca-giovanna2A-768x432.jpg 768w, https:\/\/jornalismo-faalc.ufms.br\/projetil\/wp-content\/uploads\/sites\/2\/2022\/07\/garca-branca-giovanna2A-400x225.jpg 400w\" sizes=\"auto, (max-width: 1024px) 100vw, 1024px\" \/><\/figure><\/li><li class=\"blocks-gallery-item\"><figure><img loading=\"lazy\" decoding=\"async\" width=\"1024\" height=\"683\" src=\"https:\/\/jornalismo-faalc.ufms.br\/projetil\/wp-content\/uploads\/sites\/2\/2022\/07\/mata1-isa.jpg\" alt=\"\" data-id=\"2550\" data-full-url=\"https:\/\/jornalismo-faalc.ufms.br\/projetil\/wp-content\/uploads\/sites\/2\/2022\/07\/mata1-isa.jpg\" data-link=\"https:\/\/jornalismo-faalc.ufms.br\/projetil\/?attachment_id=2550\" class=\"wp-image-2550\" srcset=\"https:\/\/jornalismo-faalc.ufms.br\/projetil\/wp-content\/uploads\/sites\/2\/2022\/07\/mata1-isa.jpg 1024w, https:\/\/jornalismo-faalc.ufms.br\/projetil\/wp-content\/uploads\/sites\/2\/2022\/07\/mata1-isa-300x200.jpg 300w, https:\/\/jornalismo-faalc.ufms.br\/projetil\/wp-content\/uploads\/sites\/2\/2022\/07\/mata1-isa-768x512.jpg 768w, https:\/\/jornalismo-faalc.ufms.br\/projetil\/wp-content\/uploads\/sites\/2\/2022\/07\/mata1-isa-400x267.jpg 400w\" sizes=\"auto, (max-width: 1024px) 100vw, 1024px\" \/><\/figure><\/li><li class=\"blocks-gallery-item\"><figure><img loading=\"lazy\" decoding=\"async\" width=\"1024\" height=\"683\" src=\"https:\/\/jornalismo-faalc.ufms.br\/projetil\/wp-content\/uploads\/sites\/2\/2022\/07\/mata2-isa.jpg\" alt=\"\" data-id=\"2551\" data-full-url=\"https:\/\/jornalismo-faalc.ufms.br\/projetil\/wp-content\/uploads\/sites\/2\/2022\/07\/mata2-isa.jpg\" data-link=\"https:\/\/jornalismo-faalc.ufms.br\/projetil\/?attachment_id=2551\" class=\"wp-image-2551\" srcset=\"https:\/\/jornalismo-faalc.ufms.br\/projetil\/wp-content\/uploads\/sites\/2\/2022\/07\/mata2-isa.jpg 1024w, https:\/\/jornalismo-faalc.ufms.br\/projetil\/wp-content\/uploads\/sites\/2\/2022\/07\/mata2-isa-300x200.jpg 300w, https:\/\/jornalismo-faalc.ufms.br\/projetil\/wp-content\/uploads\/sites\/2\/2022\/07\/mata2-isa-768x512.jpg 768w, https:\/\/jornalismo-faalc.ufms.br\/projetil\/wp-content\/uploads\/sites\/2\/2022\/07\/mata2-isa-400x267.jpg 400w\" sizes=\"auto, (max-width: 1024px) 100vw, 1024px\" \/><\/figure><\/li><\/ul><figcaption class=\"blocks-gallery-caption\"> Fotos (da esquerda para a direita, de cima para baixo): 1 &#8211; Ana Laura Menegat; 2 e 4 &#8211; Giovanna Esperidi\u00e3o; 3 &#8211; Emily Mira; 5 e 6 &#8211; Isabella Proc\u00f3pio.<\/figcaption><\/figure>\n\n\n\n<figure class=\"wp-block-image size-full is-resized\"><img loading=\"lazy\" decoding=\"async\" src=\"https:\/\/jornalismo-faalc.ufms.br\/projetil\/wp-content\/uploads\/sites\/2\/2022\/07\/ipe1C-ana-laura-1.jpg\" alt=\"\" class=\"wp-image-2513\" width=\"619\" height=\"412\" srcset=\"https:\/\/jornalismo-faalc.ufms.br\/projetil\/wp-content\/uploads\/sites\/2\/2022\/07\/ipe1C-ana-laura-1.jpg 1024w, https:\/\/jornalismo-faalc.ufms.br\/projetil\/wp-content\/uploads\/sites\/2\/2022\/07\/ipe1C-ana-laura-1-300x200.jpg 300w, https:\/\/jornalismo-faalc.ufms.br\/projetil\/wp-content\/uploads\/sites\/2\/2022\/07\/ipe1C-ana-laura-1-768x512.jpg 768w, https:\/\/jornalismo-faalc.ufms.br\/projetil\/wp-content\/uploads\/sites\/2\/2022\/07\/ipe1C-ana-laura-1-400x267.jpg 400w\" sizes=\"auto, (max-width: 619px) 100vw, 619px\" \/><figcaption>Foto: Isabella Proc\u00f3pio<\/figcaption><\/figure>\n\n\n\n<figure class=\"wp-block-image size-full is-resized\"><img loading=\"lazy\" decoding=\"async\" src=\"https:\/\/jornalismo-faalc.ufms.br\/projetil\/wp-content\/uploads\/sites\/2\/2022\/07\/ipe2-amanda-1.jpg\" alt=\"\" class=\"wp-image-2514\" width=\"619\" height=\"409\" srcset=\"https:\/\/jornalismo-faalc.ufms.br\/projetil\/wp-content\/uploads\/sites\/2\/2022\/07\/ipe2-amanda-1.jpg 1024w, https:\/\/jornalismo-faalc.ufms.br\/projetil\/wp-content\/uploads\/sites\/2\/2022\/07\/ipe2-amanda-1-300x199.jpg 300w, https:\/\/jornalismo-faalc.ufms.br\/projetil\/wp-content\/uploads\/sites\/2\/2022\/07\/ipe2-amanda-1-768x509.jpg 768w, https:\/\/jornalismo-faalc.ufms.br\/projetil\/wp-content\/uploads\/sites\/2\/2022\/07\/ipe2-amanda-1-400x265.jpg 400w\" sizes=\"auto, (max-width: 619px) 100vw, 619px\" \/><figcaption>Foto: Amanda Melga\u00e7o<\/figcaption><\/figure>\n\n\n\n<figure class=\"wp-block-image size-full is-resized\"><img loading=\"lazy\" decoding=\"async\" src=\"https:\/\/jornalismo-faalc.ufms.br\/projetil\/wp-content\/uploads\/sites\/2\/2022\/07\/DSC_9653.jpg\" alt=\"\" class=\"wp-image-2613\" width=\"618\" height=\"408\" srcset=\"https:\/\/jornalismo-faalc.ufms.br\/projetil\/wp-content\/uploads\/sites\/2\/2022\/07\/DSC_9653.jpg 1024w, https:\/\/jornalismo-faalc.ufms.br\/projetil\/wp-content\/uploads\/sites\/2\/2022\/07\/DSC_9653-300x199.jpg 300w, https:\/\/jornalismo-faalc.ufms.br\/projetil\/wp-content\/uploads\/sites\/2\/2022\/07\/DSC_9653-400x265.jpg 400w\" sizes=\"auto, (max-width: 618px) 100vw, 618px\" \/><figcaption>Foto: Amanda Melga\u00e7o<\/figcaption><\/figure>\n\n\n<p>Essa presen\u00e7a parece atender a par\u00e1frase da m\u00fasica do cantor Ney Matogrosso (do Sul): se ficar o fogo mata, se correr o cimento come. Ser\u00e1 que as caracter\u00edsticas do Pantanal que aparecem pelo estado t\u00eam s\u00f3 rela\u00e7\u00e3o com a proximidade ou tamb\u00e9m com a falta de leis ambientais que asseguram a continuidade da maior \u00e1rea alag\u00e1vel do planeta? Ou, talvez, com as queimadas que, segundo o <span style=\"color: #ff0000\"><a style=\"color: #ff0000\" href=\"https:\/\/www.ibama.gov.br\/prevfogo\/\">Centro Nacional de Preven\u00e7\u00e3o e Combate aos Inc\u00eandios Florestais<\/a><\/span> (Prevfogo), em 2020, devastaram 4.3 milh\u00f5es de hectares do Pantanal.<\/p>\n\n\n<figure class=\"wp-block-gallery alignwide columns-2 is-cropped wp-block-gallery-4 is-layout-flex wp-block-gallery-is-layout-flex\"><ul class=\"blocks-gallery-grid\"><li class=\"blocks-gallery-item\"><figure><img loading=\"lazy\" decoding=\"async\" width=\"1024\" height=\"678\" src=\"https:\/\/jornalismo-faalc.ufms.br\/projetil\/wp-content\/uploads\/sites\/2\/2022\/07\/capivara-emily1.jpg\" alt=\"\" data-id=\"2507\" data-full-url=\"https:\/\/jornalismo-faalc.ufms.br\/projetil\/wp-content\/uploads\/sites\/2\/2022\/07\/capivara-emily1.jpg\" data-link=\"https:\/\/jornalismo-faalc.ufms.br\/projetil\/?attachment_id=2507\" class=\"wp-image-2507\" srcset=\"https:\/\/jornalismo-faalc.ufms.br\/projetil\/wp-content\/uploads\/sites\/2\/2022\/07\/capivara-emily1.jpg 1024w, https:\/\/jornalismo-faalc.ufms.br\/projetil\/wp-content\/uploads\/sites\/2\/2022\/07\/capivara-emily1-300x199.jpg 300w, https:\/\/jornalismo-faalc.ufms.br\/projetil\/wp-content\/uploads\/sites\/2\/2022\/07\/capivara-emily1-768x509.jpg 768w, https:\/\/jornalismo-faalc.ufms.br\/projetil\/wp-content\/uploads\/sites\/2\/2022\/07\/capivara-emily1-400x265.jpg 400w\" sizes=\"auto, (max-width: 1024px) 100vw, 1024px\" \/><\/figure><\/li><li class=\"blocks-gallery-item\"><figure><img loading=\"lazy\" decoding=\"async\" width=\"1024\" height=\"678\" src=\"https:\/\/jornalismo-faalc.ufms.br\/projetil\/wp-content\/uploads\/sites\/2\/2022\/07\/capivara-amanda2.jpg\" alt=\"\" data-id=\"2506\" data-full-url=\"https:\/\/jornalismo-faalc.ufms.br\/projetil\/wp-content\/uploads\/sites\/2\/2022\/07\/capivara-amanda2.jpg\" data-link=\"https:\/\/jornalismo-faalc.ufms.br\/projetil\/?attachment_id=2506\" class=\"wp-image-2506\" srcset=\"https:\/\/jornalismo-faalc.ufms.br\/projetil\/wp-content\/uploads\/sites\/2\/2022\/07\/capivara-amanda2.jpg 1024w, https:\/\/jornalismo-faalc.ufms.br\/projetil\/wp-content\/uploads\/sites\/2\/2022\/07\/capivara-amanda2-300x199.jpg 300w, https:\/\/jornalismo-faalc.ufms.br\/projetil\/wp-content\/uploads\/sites\/2\/2022\/07\/capivara-amanda2-768x509.jpg 768w, https:\/\/jornalismo-faalc.ufms.br\/projetil\/wp-content\/uploads\/sites\/2\/2022\/07\/capivara-amanda2-400x265.jpg 400w\" sizes=\"auto, (max-width: 1024px) 100vw, 1024px\" \/><\/figure><\/li><\/ul><figcaption class=\"blocks-gallery-caption\">Foto \u00e0 esquerda: Emily Mira; Foto \u00e0 direita: Amanda Melga\u00e7o<\/figcaption><\/figure>\n\n\n<p>A verdade \u00e9 que pode ser especial achar que tudo aqui \u00e9 Pantanal. N\u00e3o \u00e9. A expectativa das fotos a seguir, de beleza ineg\u00e1vel, \u00e9 de que estamos abrigados neste bioma, mas a realidade pode estar &#8211; ou est\u00e1 &#8211; a sete palmos abaixo dessa terra vermelha.<\/p>\n\n\n<figure class=\"wp-block-image size-full\"><img loading=\"lazy\" decoding=\"async\" width=\"1024\" height=\"678\" src=\"https:\/\/jornalismo-faalc.ufms.br\/projetil\/wp-content\/uploads\/sites\/2\/2022\/07\/DSC_0200.jpg\" alt=\"\" class=\"wp-image-2606\" srcset=\"https:\/\/jornalismo-faalc.ufms.br\/projetil\/wp-content\/uploads\/sites\/2\/2022\/07\/DSC_0200.jpg 1024w, https:\/\/jornalismo-faalc.ufms.br\/projetil\/wp-content\/uploads\/sites\/2\/2022\/07\/DSC_0200-300x199.jpg 300w, https:\/\/jornalismo-faalc.ufms.br\/projetil\/wp-content\/uploads\/sites\/2\/2022\/07\/DSC_0200-768x509.jpg 768w, https:\/\/jornalismo-faalc.ufms.br\/projetil\/wp-content\/uploads\/sites\/2\/2022\/07\/DSC_0200-400x265.jpg 400w\" sizes=\"auto, (max-width: 1024px) 100vw, 1024px\" \/><figcaption>Foto: Amanda Melga\u00e7o<\/figcaption><\/figure>\n\n\n\n<figure class=\"wp-block-gallery columns-3 is-cropped wp-block-gallery-5 is-layout-flex wp-block-gallery-is-layout-flex\"><ul class=\"blocks-gallery-grid\"><li class=\"blocks-gallery-item\"><figure><img loading=\"lazy\" decoding=\"async\" width=\"1024\" height=\"750\" src=\"https:\/\/jornalismo-faalc.ufms.br\/projetil\/wp-content\/uploads\/sites\/2\/2022\/07\/DSC_9990.jpg\" alt=\"\" data-id=\"2563\" data-link=\"https:\/\/jornalismo-faalc.ufms.br\/projetil\/?attachment_id=2563\" class=\"wp-image-2563\" srcset=\"https:\/\/jornalismo-faalc.ufms.br\/projetil\/wp-content\/uploads\/sites\/2\/2022\/07\/DSC_9990.jpg 1024w, https:\/\/jornalismo-faalc.ufms.br\/projetil\/wp-content\/uploads\/sites\/2\/2022\/07\/DSC_9990-300x220.jpg 300w, https:\/\/jornalismo-faalc.ufms.br\/projetil\/wp-content\/uploads\/sites\/2\/2022\/07\/DSC_9990-768x563.jpg 768w, https:\/\/jornalismo-faalc.ufms.br\/projetil\/wp-content\/uploads\/sites\/2\/2022\/07\/DSC_9990-400x293.jpg 400w\" sizes=\"auto, (max-width: 1024px) 100vw, 1024px\" \/><\/figure><\/li><li class=\"blocks-gallery-item\"><figure><img loading=\"lazy\" decoding=\"async\" width=\"1024\" height=\"678\" src=\"https:\/\/jornalismo-faalc.ufms.br\/projetil\/wp-content\/uploads\/sites\/2\/2022\/07\/DSC_0022.jpg\" alt=\"\" data-id=\"2562\" data-link=\"https:\/\/jornalismo-faalc.ufms.br\/projetil\/?attachment_id=2562\" class=\"wp-image-2562\" srcset=\"https:\/\/jornalismo-faalc.ufms.br\/projetil\/wp-content\/uploads\/sites\/2\/2022\/07\/DSC_0022.jpg 1024w, https:\/\/jornalismo-faalc.ufms.br\/projetil\/wp-content\/uploads\/sites\/2\/2022\/07\/DSC_0022-300x199.jpg 300w, https:\/\/jornalismo-faalc.ufms.br\/projetil\/wp-content\/uploads\/sites\/2\/2022\/07\/DSC_0022-768x509.jpg 768w, https:\/\/jornalismo-faalc.ufms.br\/projetil\/wp-content\/uploads\/sites\/2\/2022\/07\/DSC_0022-400x265.jpg 400w\" sizes=\"auto, (max-width: 1024px) 100vw, 1024px\" \/><\/figure><\/li><li class=\"blocks-gallery-item\"><figure><img loading=\"lazy\" decoding=\"async\" width=\"1024\" height=\"678\" src=\"https:\/\/jornalismo-faalc.ufms.br\/projetil\/wp-content\/uploads\/sites\/2\/2022\/07\/DSC2413.jpg\" alt=\"\" data-id=\"2561\" data-link=\"https:\/\/jornalismo-faalc.ufms.br\/projetil\/?attachment_id=2561\" class=\"wp-image-2561\" srcset=\"https:\/\/jornalismo-faalc.ufms.br\/projetil\/wp-content\/uploads\/sites\/2\/2022\/07\/DSC2413.jpg 1024w, https:\/\/jornalismo-faalc.ufms.br\/projetil\/wp-content\/uploads\/sites\/2\/2022\/07\/DSC2413-300x199.jpg 300w, https:\/\/jornalismo-faalc.ufms.br\/projetil\/wp-content\/uploads\/sites\/2\/2022\/07\/DSC2413-768x509.jpg 768w, https:\/\/jornalismo-faalc.ufms.br\/projetil\/wp-content\/uploads\/sites\/2\/2022\/07\/DSC2413-400x265.jpg 400w\" sizes=\"auto, (max-width: 1024px) 100vw, 1024px\" \/><\/figure><\/li><li class=\"blocks-gallery-item\"><figure><img loading=\"lazy\" decoding=\"async\" width=\"1024\" height=\"683\" src=\"https:\/\/jornalismo-faalc.ufms.br\/projetil\/wp-content\/uploads\/sites\/2\/2022\/07\/IMG_8134.jpg\" alt=\"\" data-id=\"2564\" data-link=\"https:\/\/jornalismo-faalc.ufms.br\/projetil\/?attachment_id=2564\" class=\"wp-image-2564\" srcset=\"https:\/\/jornalismo-faalc.ufms.br\/projetil\/wp-content\/uploads\/sites\/2\/2022\/07\/IMG_8134.jpg 1024w, https:\/\/jornalismo-faalc.ufms.br\/projetil\/wp-content\/uploads\/sites\/2\/2022\/07\/IMG_8134-300x200.jpg 300w, https:\/\/jornalismo-faalc.ufms.br\/projetil\/wp-content\/uploads\/sites\/2\/2022\/07\/IMG_8134-768x512.jpg 768w, https:\/\/jornalismo-faalc.ufms.br\/projetil\/wp-content\/uploads\/sites\/2\/2022\/07\/IMG_8134-400x267.jpg 400w\" sizes=\"auto, (max-width: 1024px) 100vw, 1024px\" \/><\/figure><\/li><li class=\"blocks-gallery-item\"><figure><img loading=\"lazy\" decoding=\"async\" width=\"1024\" height=\"683\" src=\"https:\/\/jornalismo-faalc.ufms.br\/projetil\/wp-content\/uploads\/sites\/2\/2022\/07\/peixes2-rafaella-2.jpg\" alt=\"\" data-id=\"2605\" data-full-url=\"https:\/\/jornalismo-faalc.ufms.br\/projetil\/wp-content\/uploads\/sites\/2\/2022\/07\/peixes2-rafaella-2.jpg\" data-link=\"https:\/\/jornalismo-faalc.ufms.br\/projetil\/o-pantanal-e-aqui-nao-e-aqui\/peixes2-rafaella-2\/\" class=\"wp-image-2605\" srcset=\"https:\/\/jornalismo-faalc.ufms.br\/projetil\/wp-content\/uploads\/sites\/2\/2022\/07\/peixes2-rafaella-2.jpg 1024w, https:\/\/jornalismo-faalc.ufms.br\/projetil\/wp-content\/uploads\/sites\/2\/2022\/07\/peixes2-rafaella-2-300x200.jpg 300w, https:\/\/jornalismo-faalc.ufms.br\/projetil\/wp-content\/uploads\/sites\/2\/2022\/07\/peixes2-rafaella-2-768x512.jpg 768w, https:\/\/jornalismo-faalc.ufms.br\/projetil\/wp-content\/uploads\/sites\/2\/2022\/07\/peixes2-rafaella-2-400x267.jpg 400w\" sizes=\"auto, (max-width: 1024px) 100vw, 1024px\" \/><\/figure><\/li><\/ul><figcaption class=\"blocks-gallery-caption\">Fotos (da esquerda para a direita, de cima para baixo): 1 e 2 &#8211; Amanda Melga\u00e7o; 3 e 4 &#8211; Maria Eduarda Metram; 5 &#8211; Rafaela Moura<\/figcaption><\/figure>\n\n\n\n<figure class=\"wp-block-gallery alignwide columns-2 is-cropped wp-block-gallery-6 is-layout-flex wp-block-gallery-is-layout-flex\"><ul class=\"blocks-gallery-grid\"><li class=\"blocks-gallery-item\"><figure><img loading=\"lazy\" decoding=\"async\" width=\"1024\" height=\"678\" src=\"https:\/\/jornalismo-faalc.ufms.br\/projetil\/wp-content\/uploads\/sites\/2\/2022\/07\/DSC_0040.jpg\" alt=\"\" data-id=\"2609\" data-full-url=\"https:\/\/jornalismo-faalc.ufms.br\/projetil\/wp-content\/uploads\/sites\/2\/2022\/07\/DSC_0040.jpg\" data-link=\"https:\/\/jornalismo-faalc.ufms.br\/projetil\/o-pantanal-e-aqui-nao-e-aqui\/tetra-negro\/\" class=\"wp-image-2609\" srcset=\"https:\/\/jornalismo-faalc.ufms.br\/projetil\/wp-content\/uploads\/sites\/2\/2022\/07\/DSC_0040.jpg 1024w, https:\/\/jornalismo-faalc.ufms.br\/projetil\/wp-content\/uploads\/sites\/2\/2022\/07\/DSC_0040-300x199.jpg 300w, https:\/\/jornalismo-faalc.ufms.br\/projetil\/wp-content\/uploads\/sites\/2\/2022\/07\/DSC_0040-768x509.jpg 768w, https:\/\/jornalismo-faalc.ufms.br\/projetil\/wp-content\/uploads\/sites\/2\/2022\/07\/DSC_0040-400x265.jpg 400w\" sizes=\"auto, (max-width: 1024px) 100vw, 1024px\" \/><\/figure><\/li><li class=\"blocks-gallery-item\"><figure><img loading=\"lazy\" decoding=\"async\" width=\"1024\" height=\"678\" src=\"https:\/\/jornalismo-faalc.ufms.br\/projetil\/wp-content\/uploads\/sites\/2\/2022\/07\/DSC_0079.jpg\" alt=\"\" data-id=\"2610\" data-full-url=\"https:\/\/jornalismo-faalc.ufms.br\/projetil\/wp-content\/uploads\/sites\/2\/2022\/07\/DSC_0079.jpg\" data-link=\"https:\/\/jornalismo-faalc.ufms.br\/projetil\/o-pantanal-e-aqui-nao-e-aqui\/dsc_0079\/\" class=\"wp-image-2610\" srcset=\"https:\/\/jornalismo-faalc.ufms.br\/projetil\/wp-content\/uploads\/sites\/2\/2022\/07\/DSC_0079.jpg 1024w, https:\/\/jornalismo-faalc.ufms.br\/projetil\/wp-content\/uploads\/sites\/2\/2022\/07\/DSC_0079-300x199.jpg 300w, https:\/\/jornalismo-faalc.ufms.br\/projetil\/wp-content\/uploads\/sites\/2\/2022\/07\/DSC_0079-768x509.jpg 768w, https:\/\/jornalismo-faalc.ufms.br\/projetil\/wp-content\/uploads\/sites\/2\/2022\/07\/DSC_0079-400x265.jpg 400w\" sizes=\"auto, (max-width: 1024px) 100vw, 1024px\" \/><\/figure><\/li><\/ul><\/figure>\n\n\n\n<figure class=\"wp-block-gallery alignwide columns-2 is-cropped wp-block-gallery-7 is-layout-flex wp-block-gallery-is-layout-flex\"><ul class=\"blocks-gallery-grid\"><li class=\"blocks-gallery-item\"><figure><img loading=\"lazy\" decoding=\"async\" width=\"1024\" height=\"564\" src=\"https:\/\/jornalismo-faalc.ufms.br\/projetil\/wp-content\/uploads\/sites\/2\/2022\/07\/DSC_9899.jpg\" alt=\"\" data-id=\"2568\" data-full-url=\"https:\/\/jornalismo-faalc.ufms.br\/projetil\/wp-content\/uploads\/sites\/2\/2022\/07\/DSC_9899.jpg\" data-link=\"https:\/\/jornalismo-faalc.ufms.br\/projetil\/?attachment_id=2568\" class=\"wp-image-2568\" srcset=\"https:\/\/jornalismo-faalc.ufms.br\/projetil\/wp-content\/uploads\/sites\/2\/2022\/07\/DSC_9899.jpg 1024w, https:\/\/jornalismo-faalc.ufms.br\/projetil\/wp-content\/uploads\/sites\/2\/2022\/07\/DSC_9899-300x165.jpg 300w, https:\/\/jornalismo-faalc.ufms.br\/projetil\/wp-content\/uploads\/sites\/2\/2022\/07\/DSC_9899-768x423.jpg 768w, https:\/\/jornalismo-faalc.ufms.br\/projetil\/wp-content\/uploads\/sites\/2\/2022\/07\/DSC_9899-400x220.jpg 400w\" sizes=\"auto, (max-width: 1024px) 100vw, 1024px\" \/><\/figure><\/li><li class=\"blocks-gallery-item\"><figure><img loading=\"lazy\" decoding=\"async\" width=\"1024\" height=\"702\" src=\"https:\/\/jornalismo-faalc.ufms.br\/projetil\/wp-content\/uploads\/sites\/2\/2022\/07\/DSC_9904.jpg\" alt=\"\" data-id=\"2569\" data-full-url=\"https:\/\/jornalismo-faalc.ufms.br\/projetil\/wp-content\/uploads\/sites\/2\/2022\/07\/DSC_9904.jpg\" data-link=\"https:\/\/jornalismo-faalc.ufms.br\/projetil\/?attachment_id=2569\" class=\"wp-image-2569\" srcset=\"https:\/\/jornalismo-faalc.ufms.br\/projetil\/wp-content\/uploads\/sites\/2\/2022\/07\/DSC_9904.jpg 1024w, https:\/\/jornalismo-faalc.ufms.br\/projetil\/wp-content\/uploads\/sites\/2\/2022\/07\/DSC_9904-300x206.jpg 300w, https:\/\/jornalismo-faalc.ufms.br\/projetil\/wp-content\/uploads\/sites\/2\/2022\/07\/DSC_9904-768x527.jpg 768w, https:\/\/jornalismo-faalc.ufms.br\/projetil\/wp-content\/uploads\/sites\/2\/2022\/07\/DSC_9904-400x274.jpg 400w\" sizes=\"auto, (max-width: 1024px) 100vw, 1024px\" \/><\/figure><\/li><\/ul><figcaption class=\"blocks-gallery-caption\">Fotos: Amanda Melga\u00e7o<\/figcaption><\/figure>\n\n\n\n<div class=\"wp-block-buttons alignwide is-content-justification-center is-layout-flex wp-block-buttons-is-layout-flex\">\n<div class=\"wp-block-button\"><a class=\"wp-block-button__link\" href=\"https:\/\/jornalismo-faalc.ufms.br\/projetil\/projetil-98\">VOLTAR PARA A EDI\u00c7\u00c3O 98<\/a><\/div>\n<\/div>\n","protected":false},"excerpt":{"rendered":"<p>Reportagem Fotogr\u00e1fica: Amanda Melga\u00e7o | Giovanna Esperidi\u00e3o | Isabella Proc\u00f3pio | Maria Eduarda Metram Texto: Maria Eduarda Boin Quando pensamos nas formas em que o Mato Grosso do Sul \u00e9 retratado em outros cantos do Brasil \u2013 indaga\u00e7\u00f5es que permeiam o tema dessa edi\u00e7\u00e3o do Proj\u00e9til \u2013 uma das respostas que vem a mente est\u00e1 [&hellip;]<\/p>\n","protected":false},"author":35,"featured_media":0,"comment_status":"closed","ping_status":"open","sticky":false,"template":"","format":"standard","meta":{"footnotes":""},"categories":[7],"tags":[],"class_list":["post-2307","post","type-post","status-publish","format-standard","hentry","category-reportagem-fotografica"],"_links":{"self":[{"href":"https:\/\/jornalismo-faalc.ufms.br\/projetil\/wp-json\/wp\/v2\/posts\/2307","targetHints":{"allow":["GET"]}}],"collection":[{"href":"https:\/\/jornalismo-faalc.ufms.br\/projetil\/wp-json\/wp\/v2\/posts"}],"about":[{"href":"https:\/\/jornalismo-faalc.ufms.br\/projetil\/wp-json\/wp\/v2\/types\/post"}],"author":[{"embeddable":true,"href":"https:\/\/jornalismo-faalc.ufms.br\/projetil\/wp-json\/wp\/v2\/users\/35"}],"replies":[{"embeddable":true,"href":"https:\/\/jornalismo-faalc.ufms.br\/projetil\/wp-json\/wp\/v2\/comments?post=2307"}],"version-history":[{"count":21,"href":"https:\/\/jornalismo-faalc.ufms.br\/projetil\/wp-json\/wp\/v2\/posts\/2307\/revisions"}],"predecessor-version":[{"id":2680,"href":"https:\/\/jornalismo-faalc.ufms.br\/projetil\/wp-json\/wp\/v2\/posts\/2307\/revisions\/2680"}],"wp:attachment":[{"href":"https:\/\/jornalismo-faalc.ufms.br\/projetil\/wp-json\/wp\/v2\/media?parent=2307"}],"wp:term":[{"taxonomy":"category","embeddable":true,"href":"https:\/\/jornalismo-faalc.ufms.br\/projetil\/wp-json\/wp\/v2\/categories?post=2307"},{"taxonomy":"post_tag","embeddable":true,"href":"https:\/\/jornalismo-faalc.ufms.br\/projetil\/wp-json\/wp\/v2\/tags?post=2307"}],"curies":[{"name":"wp","href":"https:\/\/api.w.org\/{rel}","templated":true}]}}