{"id":237,"date":"2019-11-21T16:17:48","date_gmt":"2019-11-21T20:17:48","guid":{"rendered":"http:\/\/jornalismo.ufms.br\/projetil\/?p=237"},"modified":"2020-06-29T18:42:48","modified_gmt":"2020-06-29T22:42:48","slug":"estar-sozinho-nao-e-tao-ruim-assim","status":"publish","type":"post","link":"https:\/\/jornalismo-faalc.ufms.br\/projetil\/estar-sozinho-nao-e-tao-ruim-assim\/","title":{"rendered":"Estar sozinho n\u00e3o \u00e9 t\u00e3o ruim assim"},"content":{"rendered":"\n<p class=\"has-text-color has-accent-color\"><strong>Texto: <em>Emily Bem<\/em><\/strong><\/p>\n\n\n\n<p>H\u00e1 mil raz\u00f5es para detestar ficar sozinho, e n\u00e3o dever\u00edamos acusar os caseiros de n\u00e3o serem bons sujeitos, estarem mal da cabe\u00e7a ou com fobia de pessoas. O cara as vezes \u00e9 mais quieto, introvertido, tem fobia social, n\u00e3o est\u00e1 disposto a compartilhar suas risadas e hist\u00f3rias. E tudo bem. Mas isso \u00e9 poss\u00edvel? Como dizia Tom Jobim: \u201c\u00c9 imposs\u00edvel ser feliz sozinho.\u201d Ser\u00e1?&nbsp;<\/p>\n\n\n\n<p>Bom, cada um \u00e9 cada um, n\u00e9. Vai da pessoa! Mas eu, por muito tempo procurei pessoas pra me fazer feliz. N\u00e3o conseguia me imaginar sozinha um s\u00e1bado \u00e0 noite. Eu necessitava de uma companhia, e caso isso acontecesse arrumava logo uma festa pra conhecer gente.&nbsp;<\/p>\n\n\n\n<p>&#8211; Por que eu, ficar em casa, sozinha? Jamais! Isso \u00e9 humilhante.&nbsp;<\/p>\n\n\n\n<p>Era como pensava.<\/p>\n\n\n\n<p>At\u00e9 que um dia, me convidaram pra ir em um festival, o Villa Mix, que normalmente ocorre ao longo de dois dias, com 24 shows, doze horas de evento, estrutura \u00e9 impec\u00e1vel, e vai muita gente. Entrei no site, comprei meu ingresso tr\u00eas meses antes, arrumei carona pra ir, roupa, tudo planejado. V\u00e1rios amigos iriam, e at\u00e9 mesmo uma namorada minha da \u00e9poca. Os dias se passaram, meu relacionamento acabou, perdi contato com esses amigos, e tive que ir sozinha. Pensei e repensei mil vezes se valia a pena ir. At\u00e9 que fui. Fiz algumas amizades l\u00e1, mas a maior parte do tempo fiquei sozinha. E foi o melhor dia da minha vida.&nbsp;<\/p>\n\n\n\n<p>A partir da\u00ed comecei a pensar mais sobre mim. Percebi o quanto minha companhia era muito melhor do que a dos outros, que eu implorava pra ter por perto. Comecei a me conhecer e ver como era fazer certas coisas sozinha \u2013 ir no cinema, em restaurantes, shows e at\u00e9 mesmo festas. S\u00e1bado \u00e0 noite se tornou o melhor dia pra ficar sozinha em casa, dividindo uma pizza comigo e assistindo meus desenhos preferidos. Descobri tamb\u00e9m, que gosto de silencio, m\u00fasicas antigas e de conversar comigo na frente do espelho tomando um bom vinho. Dou boas risadas.&nbsp;<\/p>\n\n\n\n<p>A primeira vez que me deparei sozinha em casa, o silencio foi um ca\u00f3tico choque de realidade. Me senti infeliz e uma pessoa sozinha no mundo. No entanto, comecei a refletir o que seria \u201cuma pessoa sozinha no mundo\u201d. Inicialmente voc\u00ea pensa em algu\u00e9m que n\u00e3o tem fam\u00edlia, amigos ou qualquer indiv\u00edduo por ela. Mas cheguei \u00e0 conclus\u00e3o que n\u00e3o somos sozinhos, e sim, naquele momento, estamos. Antes de ter fam\u00edlia ou algu\u00e9m, temos que ter n\u00f3s mesmos. Ent\u00e3o porque nos sentimos sozinhos?&nbsp;<\/p>\n\n\n\n<p>E talvez essa solid\u00e3o ocorra porque a maior parte da minha vida passei rodeada de pessoas e me acostumei com isso. Ou tamb\u00e9m pelo fato de que nunca vivi minha solid\u00e3o. Com o tempo aprendi que isso \u00e9 importante. Me conheci, fiz coisas produtivas, reconheci minhas falhas, limita\u00e7\u00f5es, e quebrei algumas cren\u00e7as. Mas isso requer um tempo e talvez at\u00e9 da ajuda de psic\u00f3logos, pois o processo de aceita\u00e7\u00e3o interior \u00e9 longo.&nbsp;&nbsp;<\/p>\n\n\n\n<p>Com esse mundo virtual podemos estar em todos os lugares e com v\u00e1rias pessoas ao mesmo tempo. Podemos escolher com quem queremos falar, o que fazemos, comemos, seguimos, rimos, compartilhamos. E temos o controle sobre essa \u201cvida inventada\u201d, onde todos s\u00e3o felizes, expressivos, sentimentais ou dur\u00f5es, e completamente sinceros. Ent\u00e3o compreendo que muitos preferem se conectar nesse mundo \u2013 entrar no mundo dos filmes, <em>stories<\/em> e postagens \u2013 para n\u00e3o viver na solid\u00e3o, n\u00e3o ter que conviver com a realidade. Isso seria uma fuga, querido leitor? Fica a reflex\u00e3o.<\/p>\n\n\n\n<p>Como j\u00e1 dizia Schopenhauer, os indiv\u00edduos s\u00e3o como os porcos espinhos, precisam do calor humano \u2013 sentimentos, afetos, conv\u00edvio. Mas, se ficam muito juntos come\u00e7am a se machucar com seus espinhos. E uma dist\u00e2ncia moderada \u00e9 o suficiente para que uma conviv\u00eancia seja tolerada. Ent\u00e3o querido leitor, uma hora ou outra, precisaremos de algu\u00e9m, mas podemos ser felizes sozinhos e at\u00e9 acho importante essa experi\u00eancia. Mas, \u00e9 inevit\u00e1vel dividir a vida, o trabalho e at\u00e9 mesmo sorrisos com algu\u00e9m. Espero que voc\u00ea, independente de se encontrar sozinho ou acompanhado, sinta-se muito feliz, como estou me sentido agora com minha solid\u00e3o. <br><\/p>\n","protected":false},"excerpt":{"rendered":"<p>Texto: Emily Bem H\u00e1 mil raz\u00f5es para detestar ficar sozinho, e n\u00e3o dever\u00edamos acusar os caseiros de n\u00e3o serem bons sujeitos, estarem mal da cabe\u00e7a ou com fobia de pessoas. O cara as vezes \u00e9 mais quieto, introvertido, tem fobia social, n\u00e3o est\u00e1 disposto a compartilhar suas risadas e hist\u00f3rias. E tudo bem. Mas isso [&hellip;]<\/p>\n","protected":false},"author":25,"featured_media":0,"comment_status":"closed","ping_status":"closed","sticky":false,"template":"","format":"standard","meta":{"footnotes":""},"categories":[4],"tags":[5],"class_list":["post-237","post","type-post","status-publish","format-standard","hentry","category-opiniao-93","tag-5"],"_links":{"self":[{"href":"https:\/\/jornalismo-faalc.ufms.br\/projetil\/wp-json\/wp\/v2\/posts\/237","targetHints":{"allow":["GET"]}}],"collection":[{"href":"https:\/\/jornalismo-faalc.ufms.br\/projetil\/wp-json\/wp\/v2\/posts"}],"about":[{"href":"https:\/\/jornalismo-faalc.ufms.br\/projetil\/wp-json\/wp\/v2\/types\/post"}],"author":[{"embeddable":true,"href":"https:\/\/jornalismo-faalc.ufms.br\/projetil\/wp-json\/wp\/v2\/users\/25"}],"replies":[{"embeddable":true,"href":"https:\/\/jornalismo-faalc.ufms.br\/projetil\/wp-json\/wp\/v2\/comments?post=237"}],"version-history":[{"count":2,"href":"https:\/\/jornalismo-faalc.ufms.br\/projetil\/wp-json\/wp\/v2\/posts\/237\/revisions"}],"predecessor-version":[{"id":431,"href":"https:\/\/jornalismo-faalc.ufms.br\/projetil\/wp-json\/wp\/v2\/posts\/237\/revisions\/431"}],"wp:attachment":[{"href":"https:\/\/jornalismo-faalc.ufms.br\/projetil\/wp-json\/wp\/v2\/media?parent=237"}],"wp:term":[{"taxonomy":"category","embeddable":true,"href":"https:\/\/jornalismo-faalc.ufms.br\/projetil\/wp-json\/wp\/v2\/categories?post=237"},{"taxonomy":"post_tag","embeddable":true,"href":"https:\/\/jornalismo-faalc.ufms.br\/projetil\/wp-json\/wp\/v2\/tags?post=237"}],"curies":[{"name":"wp","href":"https:\/\/api.w.org\/{rel}","templated":true}]}}