{"id":298,"date":"2019-11-27T15:37:37","date_gmt":"2019-11-27T19:37:37","guid":{"rendered":"http:\/\/jornalismo.ufms.br\/projetil\/?p=298"},"modified":"2020-06-29T18:45:32","modified_gmt":"2020-06-29T22:45:32","slug":"360-2","status":"publish","type":"post","link":"https:\/\/jornalismo-faalc.ufms.br\/projetil\/360-2\/","title":{"rendered":"Por dentro da reda\u00e7\u00e3o"},"content":{"rendered":"\n<p style=\"text-align: left;\"><span style=\"color: #ffffff;\">J\u00e1 pensou em conhecer um pouco mais do que acontece dentro da reda\u00e7\u00e3o do Proj\u00e9til? <\/span><span style=\"color: #ffffff;\">Com o auxilio da imagem 360\u00b0 agora voc\u00ea pode ter essa experi\u00eancia.<\/span><\/p>\n<p style=\"text-align: center;\"><span style=\"color: #ffffff;\"> Ent\u00e3o, s<\/span><span style=\"color: #ffffff;\">inta-se parte da equipe!<\/span><\/p>\n\n\n\n<p class=\"has-text-align-center\"><\/p>\n\n\n\n<base target=\"_blank\">\n<iframe loading=\"lazy\" scrolling=\"no\" marginheight=\"0\" marginwidth=\"0\" src=\"https:\/\/jornalismo-faalc.ufms.br\/360\/projetil93\/\" width=\"400\" height=\"215\" frameborder=\"0\">\n<\/iframe><br>\n<small>\n    <a href=\"https:\/\/jornalismo-faalc.ufms.br\/360\/projetil93\/\" style=\"color:#0000FF;text-align:left\">\n        Ampliar\n    <\/a>\n<\/small>\n\n\n\n<p><\/p>\n","protected":false},"excerpt":{"rendered":"<p>J\u00e1 pensou em conhecer um pouco mais do que acontece dentro da reda\u00e7\u00e3o do Proj\u00e9til? Com o auxilio da imagem 360\u00b0 agora voc\u00ea pode ter essa experi\u00eancia. Ent\u00e3o, sinta-se parte da equipe! Ampliar<\/p>\n","protected":false},"author":25,"featured_media":0,"comment_status":"closed","ping_status":"open","sticky":false,"template":"","format":"standard","meta":{"footnotes":""},"categories":[8],"tags":[5],"class_list":["post-298","post","type-post","status-publish","format-standard","hentry","category-8","tag-5"],"_links":{"self":[{"href":"https:\/\/jornalismo-faalc.ufms.br\/projetil\/wp-json\/wp\/v2\/posts\/298","targetHints":{"allow":["GET"]}}],"collection":[{"href":"https:\/\/jornalismo-faalc.ufms.br\/projetil\/wp-json\/wp\/v2\/posts"}],"about":[{"href":"https:\/\/jornalismo-faalc.ufms.br\/projetil\/wp-json\/wp\/v2\/types\/post"}],"author":[{"embeddable":true,"href":"https:\/\/jornalismo-faalc.ufms.br\/projetil\/wp-json\/wp\/v2\/users\/25"}],"replies":[{"embeddable":true,"href":"https:\/\/jornalismo-faalc.ufms.br\/projetil\/wp-json\/wp\/v2\/comments?post=298"}],"version-history":[{"count":18,"href":"https:\/\/jornalismo-faalc.ufms.br\/projetil\/wp-json\/wp\/v2\/posts\/298\/revisions"}],"predecessor-version":[{"id":433,"href":"https:\/\/jornalismo-faalc.ufms.br\/projetil\/wp-json\/wp\/v2\/posts\/298\/revisions\/433"}],"wp:attachment":[{"href":"https:\/\/jornalismo-faalc.ufms.br\/projetil\/wp-json\/wp\/v2\/media?parent=298"}],"wp:term":[{"taxonomy":"category","embeddable":true,"href":"https:\/\/jornalismo-faalc.ufms.br\/projetil\/wp-json\/wp\/v2\/categories?post=298"},{"taxonomy":"post_tag","embeddable":true,"href":"https:\/\/jornalismo-faalc.ufms.br\/projetil\/wp-json\/wp\/v2\/tags?post=298"}],"curies":[{"name":"wp","href":"https:\/\/api.w.org\/{rel}","templated":true}]}}