{"id":3017,"date":"2022-11-25T14:38:08","date_gmt":"2022-11-25T18:38:08","guid":{"rendered":"https:\/\/jornalismo-faalc.ufms.br\/projetil\/?p=3017"},"modified":"2022-11-29T16:50:16","modified_gmt":"2022-11-29T20:50:16","slug":"crianca-jovem-senhora","status":"publish","type":"post","link":"https:\/\/jornalismo-faalc.ufms.br\/projetil\/crianca-jovem-senhora\/","title":{"rendered":"Crian\u00e7a jovem senhora"},"content":{"rendered":"\n<p>Envelhecer \u00e9 um processo natural. Pessoas envelhecem todos os dias. Animais ficam velhos. Plantas amadurecem. Alimentos passam do prazo de validade. Bens materiais se tornam obsoletos. O passar do tempo \u00e9 inevit\u00e1vel e as pessoas lutam contra ele com as estrat\u00e9gias que t\u00eam. A mais usada \u00e9 a arma da lembran\u00e7a. Lembrar que a senhora de cabelos brancos de hoje j\u00e1 foi uma mo\u00e7a em bailes dan\u00e7antes. Lembrar que o jovem preocupado e atarefado de hoje j\u00e1 foi uma crian\u00e7a cheia de sonhos. Lembrar que a crian\u00e7a de hoje j\u00e1 foi um ser indefeso.<\/p>\n\n\n\n<p>No ciclo do tempo, a edi\u00e7\u00e3o 99 do Proj\u00e9til atravessa diferentes gera\u00e7\u00f5es ao longo do segundo semestre de 2022. O conceito de \u201cgera\u00e7\u00e3o\u201d \u00e9 complexo, nos apoiamos nas semelhan\u00e7as entre grupos de pessoas e a posi\u00e7\u00e3o que ocupam na sociedade. Como um jornal vivo, por onde j\u00e1 passaram diversas gera\u00e7\u00f5es do curso de Jornalismo da UFMS, esta edi\u00e7\u00e3o materializa a ideia em tr\u00eas tempos: come\u00e7a crian\u00e7a, alcan\u00e7a a juventude e chega \u00e0 velhice.<\/p>\n\n\n\n<div class=\"wp-block-image\"><figure class=\"aligncenter size-large\"><img loading=\"lazy\" decoding=\"async\" width=\"1024\" height=\"678\" src=\"https:\/\/jornalismo-faalc.ufms.br\/projetil\/wp-content\/uploads\/sites\/2\/2022\/11\/fotoprojetil-vaicaramba-1024x678.jpg\" alt=\"\" class=\"wp-image-3025\" srcset=\"https:\/\/jornalismo-faalc.ufms.br\/projetil\/wp-content\/uploads\/sites\/2\/2022\/11\/fotoprojetil-vaicaramba-1024x678.jpg 1024w, https:\/\/jornalismo-faalc.ufms.br\/projetil\/wp-content\/uploads\/sites\/2\/2022\/11\/fotoprojetil-vaicaramba-300x199.jpg 300w, https:\/\/jornalismo-faalc.ufms.br\/projetil\/wp-content\/uploads\/sites\/2\/2022\/11\/fotoprojetil-vaicaramba-768x509.jpg 768w, https:\/\/jornalismo-faalc.ufms.br\/projetil\/wp-content\/uploads\/sites\/2\/2022\/11\/fotoprojetil-vaicaramba-400x265.jpg 400w, https:\/\/jornalismo-faalc.ufms.br\/projetil\/wp-content\/uploads\/sites\/2\/2022\/11\/fotoprojetil-vaicaramba.jpg 1120w\" sizes=\"auto, (max-width: 1024px) 100vw, 1024px\" \/><figcaption>Equipe da edi\u00e7\u00e3o Proj\u00e9til #99. Foto: <a href=\"https:\/\/www.instagram.com\/aliccerds\/\" target=\"_blank\" rel=\"noreferrer noopener\">Alicce Rodrigues<\/a><\/figcaption><\/figure><\/div>\n\n\n\n<p>As nuances de fases da vida aparecem nas crian\u00e7as que transformam sua imagina\u00e7\u00e3o em m\u00fasica e trabalhos manuais, na reportagem &#8220;Inf\u00e2ncia \u00e9 arte\u201d; o respeito \u00e0 diversidade \u00e9 aprofundado no artigo \u201cAs cicatrizes irrevers\u00edveis do preconceito\u201d. Dentre as mudan\u00e7as de comportamentos e sentimentos que perpassam as gera\u00e7\u00f5es, cada hist\u00f3ria \u00e9 moldada a partir de experi\u00eancias vividas.<\/p>\n\n\n\n<p>O que ser\u00e1 que seu \u201ceu\u201d jovem conversaria com o seu \u201ceu\u201d crian\u00e7a? Voc\u00ea pode se identificar com a cr\u00f4nica \u201cCarta aberta ao meu pequeno eu\u201d. Seguindo em frente, o jornal apresenta a juventude que pode governar o pa\u00eds em \u201cE se eu governasse?\u201d, e problematiza a democracia com a cr\u00f4nica \u201cUma eleitora entre n\u00f3s\u201d. A busca pela representatividade \u00e9 assunto presente na reportagem \u201cEssas mina \u00e9 monstra, acha que \u00e9 f\u00e1cil ser preta?\u201d. No envelhecimento, a carta \u201cDo tempo, para Zelita\u201d relembra a fragilidade da mem\u00f3ria e a brevidade da vida, contraposta pela reportagem \u201cVidas, sonhos e planos depois dos 60\u201d.<\/p>\n\n\n\n<p>De gera\u00e7\u00f5es em gera\u00e7\u00f5es mantemos o h\u00e1bito de nos relacionar com pessoas que possuem interesses semelhantes aos nossos. Assim, vivemos em uma bolha social, nos anulando de outras perspectivas de vida e, consequentemente, de poss\u00edveis intera\u00e7\u00f5es com a diversidade humana. A edi\u00e7\u00e3o 99 do Proj\u00e9til te convida a furar essa bolha.<\/p>\n\n\n\n<p>Boa leitura!<\/p>\n\n\n\n<div class=\"wp-block-buttons is-content-justification-center is-layout-flex wp-block-buttons-is-layout-flex\">\n<div class=\"wp-block-button\"><a class=\"wp-block-button__link\" href=\"https:\/\/jornalismo-faalc.ufms.br\/projetil\/projetil-99\/\">VOLTAR PARA EDI\u00c7\u00c3O 99<\/a><\/div>\n<\/div>\n","protected":false},"excerpt":{"rendered":"<p>Envelhecer \u00e9 um processo natural. Pessoas envelhecem todos os dias. Animais ficam velhos. Plantas amadurecem. Alimentos passam do prazo de validade. Bens materiais se tornam obsoletos. O passar do tempo \u00e9 inevit\u00e1vel e as pessoas lutam contra ele com as estrat\u00e9gias que t\u00eam. A mais usada \u00e9 a arma da lembran\u00e7a. Lembrar que a senhora [&hellip;]<\/p>\n","protected":false},"author":35,"featured_media":0,"comment_status":"closed","ping_status":"open","sticky":false,"template":"","format":"standard","meta":{"footnotes":""},"categories":[18],"tags":[],"class_list":["post-3017","post","type-post","status-publish","format-standard","hentry","category-editorial"],"_links":{"self":[{"href":"https:\/\/jornalismo-faalc.ufms.br\/projetil\/wp-json\/wp\/v2\/posts\/3017","targetHints":{"allow":["GET"]}}],"collection":[{"href":"https:\/\/jornalismo-faalc.ufms.br\/projetil\/wp-json\/wp\/v2\/posts"}],"about":[{"href":"https:\/\/jornalismo-faalc.ufms.br\/projetil\/wp-json\/wp\/v2\/types\/post"}],"author":[{"embeddable":true,"href":"https:\/\/jornalismo-faalc.ufms.br\/projetil\/wp-json\/wp\/v2\/users\/35"}],"replies":[{"embeddable":true,"href":"https:\/\/jornalismo-faalc.ufms.br\/projetil\/wp-json\/wp\/v2\/comments?post=3017"}],"version-history":[{"count":7,"href":"https:\/\/jornalismo-faalc.ufms.br\/projetil\/wp-json\/wp\/v2\/posts\/3017\/revisions"}],"predecessor-version":[{"id":3192,"href":"https:\/\/jornalismo-faalc.ufms.br\/projetil\/wp-json\/wp\/v2\/posts\/3017\/revisions\/3192"}],"wp:attachment":[{"href":"https:\/\/jornalismo-faalc.ufms.br\/projetil\/wp-json\/wp\/v2\/media?parent=3017"}],"wp:term":[{"taxonomy":"category","embeddable":true,"href":"https:\/\/jornalismo-faalc.ufms.br\/projetil\/wp-json\/wp\/v2\/categories?post=3017"},{"taxonomy":"post_tag","embeddable":true,"href":"https:\/\/jornalismo-faalc.ufms.br\/projetil\/wp-json\/wp\/v2\/tags?post=3017"}],"curies":[{"name":"wp","href":"https:\/\/api.w.org\/{rel}","templated":true}]}}