{"id":3030,"date":"2022-11-20T23:51:13","date_gmt":"2022-11-21T03:51:13","guid":{"rendered":"https:\/\/jornalismo-faalc.ufms.br\/projetil\/?p=3030"},"modified":"2022-11-29T17:32:21","modified_gmt":"2022-11-29T21:32:21","slug":"futebol-hereditario","status":"publish","type":"post","link":"https:\/\/jornalismo-faalc.ufms.br\/projetil\/futebol-hereditario\/","title":{"rendered":"Futebol heredit\u00e1rio"},"content":{"rendered":"\n<h4 class=\"has-text-align-center wp-block-heading\">Um amor que n\u00e3o se prende a gera\u00e7\u00f5es e une pessoas de todas as idades na torcida pela sele\u00e7\u00e3o brasileira<\/h4>\n\n\n\n<p class=\"has-text-align-center has-accent-color has-text-color\"><strong>Texto: Enzo Pereira Cardoso | Mateus Adriano | Reuel Oliveira<\/strong><\/p>\n\n\n\n<hr class=\"wp-block-separator\"\/>\n\n\n\n<div class=\"wp-block-image\"><figure class=\"aligncenter size-large is-resized\"><img loading=\"lazy\" decoding=\"async\" src=\"https:\/\/jornalismo-faalc.ufms.br\/projetil\/wp-content\/uploads\/sites\/2\/2022\/11\/primeira-foto-719x1024.jpg\" alt=\"\" class=\"wp-image-3032\" width=\"610\" height=\"868\" srcset=\"https:\/\/jornalismo-faalc.ufms.br\/projetil\/wp-content\/uploads\/sites\/2\/2022\/11\/primeira-foto-719x1024.jpg 719w, https:\/\/jornalismo-faalc.ufms.br\/projetil\/wp-content\/uploads\/sites\/2\/2022\/11\/primeira-foto-211x300.jpg 211w, https:\/\/jornalismo-faalc.ufms.br\/projetil\/wp-content\/uploads\/sites\/2\/2022\/11\/primeira-foto-768x1094.jpg 768w, https:\/\/jornalismo-faalc.ufms.br\/projetil\/wp-content\/uploads\/sites\/2\/2022\/11\/primeira-foto-1078x1536.jpg 1078w, https:\/\/jornalismo-faalc.ufms.br\/projetil\/wp-content\/uploads\/sites\/2\/2022\/11\/primeira-foto-400x570.jpg 400w, https:\/\/jornalismo-faalc.ufms.br\/projetil\/wp-content\/uploads\/sites\/2\/2022\/11\/primeira-foto.jpg 1200w\" sizes=\"auto, (max-width: 610px) 100vw, 610px\" \/><figcaption>Foto: Gabriela Cenciarelli<\/figcaption><\/figure><\/div>\n\n\n\n<p>\u201cEm 58 foi Pel\u00e9, Em 62 foi o Man\u00e9, Em 70 o esquadr\u00e3o, Primeiro a ser tricampe\u00e3o. Oh, 94 Rom\u00e1rio, 2002 Fen\u00f4meno, Primeiro tetracampe\u00e3o, \u00danico penta \u00e9 Brasilz\u00e3o!\u201d.<\/p>\n\n\n\n<p>Essa \u00e9 uma das m\u00fasicas criadas na Copa do Mundo de 2018, que mostra a soberania da sele\u00e7\u00e3o brasileira no esporte e o motivo de sermos chamados de \u201cpa\u00eds do futebol\u201d. De quatro em quatro anos as pessoas enfeitam suas casas com bandeiras, pintando os meios fios de verde e amarelo, se re\u00fanem e transformam os dias de jogo em uma grande festa. Os anos de Copa s\u00e3o muito especiais para a fam\u00edlia de Ketlen Gomes, 28. Ela nasceu em 1994, ano em que a sele\u00e7\u00e3o foi tetracampe\u00e3, nos Estados Unidos. Seu filho Calebe, 4, veio ao mundo em 2018, ano de uma Copa que o torcedor brasileiro n\u00e3o gosta muito de recordar. Para 2022, a expectativa da m\u00e3e \u00e9 poder festejar a vit\u00f3ria da sele\u00e7\u00e3o com o pequeno.<\/p>\n\n\n\n<p>Ketlen \u00e9 jornalista, formada na Universidade Federal de Mato Grosso do Sul (UFMS). Nascida no Rio de Janeiro, veio \u00e0 Campo Grande aos 12 anos. Ela se apaixonou logo cedo pelo futebol. \u201cAcho que o futebol nasceu comigo, meus pais amam a copa, em casa sempre vestimos a camisa, enfeitamos a casa, recebemos amigos, \u00e9 sempre uma festa. E isso desde crian\u00e7a, ent\u00e3o foi crescendo comigo\u201d, lembra. A carioca espera que seu filho siga com essa tradi\u00e7\u00e3o.<\/p>\n\n\n\n<p><br>Se engana quem pensa que ser\u00e1 a primeira Copa do Mundo que Calebe ir\u00e1 acompanhar. Em 2019 ele j\u00e1 acompanhou, com a m\u00e3e, o Mundial Feminino realizado na Fran\u00e7a. Ketlen \u00e9 apaixonada por futebol desde pequena, quando percebia na sua fam\u00edlia o forte sentimento pelo esporte, e incentiva seu filho a trilhar esse caminho.&nbsp; \u201cQuando ele era beb\u00ea, come\u00e7ou a \u00faltima Copa, e n\u00f3s assistimos todos os jogos. Ele tamb\u00e9m viu jogos da \u00faltima Copa do Mundo feminina, levei-o um dia no bar, pra assistir com as meninas. Ele vai aos meus jogos pela atl\u00e9tica, desde a barriga. Eu amo esse mundo esportivo, e o Calebe vai me acompanhando e adora\u201d, conta a jornalista sorridente.<\/p>\n\n\n\n<p>A fam\u00edlia de Ketlen exemplifica como a Copa do Mundo \u00e9 um evento que transita entre gera\u00e7\u00f5es. Assim como a fam\u00edlia Marcondes, que o av\u00f4 Eonio, 57, o pai, Kau\u00ea, 37, e o neto Renan, 12, s\u00e3o um modelo do futebol heredit\u00e1rio, a paix\u00e3o pelo esporte que vai passando de gera\u00e7\u00e3o em gera\u00e7\u00e3o. E esse gosto da fam\u00edlia pelo futebol se expressa na torcida pelo Flamengo, time dos tr\u00eas. O discurso de Renan e Kau\u00ea exemplifica essa tradi\u00e7\u00e3o. \u201cMeu pai me ensinou a assistir futebol, desde quando eu era bem pequeno\u201d, ressalta Kau\u00ea. Isso faz com que a chama jamais se apague.<\/p>\n\n\n\n<p><br>No Brasil, em especial, essa tradi\u00e7\u00e3o j\u00e1 foi muito maior, mas hoje vem perdendo for\u00e7a em alguns lares. Dirceu dos Santos Silva, professor de Educa\u00e7\u00e3o F\u00edsica na UFMS, percebe essa diminui\u00e7\u00e3o no interesse pela sele\u00e7\u00e3o, mas n\u00e3o v\u00ea um motivo em espec\u00edfico para isso. \u201cVoc\u00ea via uma movimenta\u00e7\u00e3o de pintar as ruas antes da Copa do Mundo, e atualmente n\u00e3o tem mais. Acho que tem perdido essas tradi\u00e7\u00f5es sim. Agora eu n\u00e3o sei exatamente o motivo, se \u00e9 falta de incentivos, se \u00e9 formato de fam\u00edlia, de estrutura de cidade mais violenta\u201d, explica. Ele tamb\u00e9m comenta que sua fam\u00edlia n\u00e3o tem esse costume de se reunir para torcer.<\/p>\n\n\n\n<p>A baixa competitividade da sele\u00e7\u00e3o brasileira \u00e9 um ponto que influencia na perda da tradi\u00e7\u00e3o, por exemplo. A perspectiva do Kau\u00ea e da Ketlen \u00e9 de quem na inf\u00e2ncia viu o Brasil chegar a tr\u00eas finais seguidas, em 1994,1998 e 2002, e ganhar dois t\u00edtulos, ou seja, se acostumaram a ver uma sele\u00e7\u00e3o forte e dominante. J\u00e1 a gera\u00e7\u00e3o do Renan, n\u00e3o teve a mesma sorte. O mais comum para eles s\u00e3o decep\u00e7\u00f5es, a maior de todas sendo a derrota de 7&#215;1 contra a Alemanha na Copa do Mundo de 2014, sediada justamente no Brasil, o que s\u00f3 piorou a situa\u00e7\u00e3o. Logo o interesse caiu consideravelmente, pois os resultados ruins dentro de campo afastam a torcida.<\/p>\n\n\n\n<p>Al\u00e9m dos fatores citados por Dirceu, alguns pontos podem ajudar a entender a perda de interesse de uma parcela da popula\u00e7\u00e3o na sele\u00e7\u00e3o brasileira. A Confedera\u00e7\u00e3o Brasileira de Futebol (CBF) talvez seja o ponto principal. A entidade deixa a desejar para grande parte dos torcedores. Seja na sua atua\u00e7\u00e3o com a sele\u00e7\u00e3o, ou com os clubes nacionais. Nos \u00faltimos anos a CBF, que administra o futebol no Brasil, foi alvo de acusa\u00e7\u00f5es de corrup\u00e7\u00e3o e ass\u00e9dio, al\u00e9m de trocar cinco vezes de presidente, por motivos diversos. Rog\u00e9rio Caboclo, o \u00faltimo a deixar o cargo, saiu sob acusa\u00e7\u00e3o de ass\u00e9dio moral a um diretor e sexual a duas funcion\u00e1rias da institui\u00e7\u00e3o, sendo afastado por 21 meses, at\u00e9 2023.<\/p>\n\n\n\n<p>\u201cOs esc\u00e2ndalos na CBF s\u00f3 contribuem para a gente ficar descrente nos resultados existentes no futebol, onde voc\u00ea v\u00ea uma grande quantidade de roubalheira, desvios, falcatruas e voc\u00ea fica descrente daquilo que est\u00e1 acontecendo\u201d, afirma Eonio Marcondes, que apesar das cr\u00edticas estar\u00e1 na torcida pela sele\u00e7\u00e3o canarinho junto com seu filho Kau\u00ea e seu neto Renan. Kau\u00ea j\u00e1 n\u00e3o tem a mesma anima\u00e7\u00e3o. \u201cHoje em dia n\u00e3o tenho mais o mesmo \u00e2nimo para acompanhar. Mas, se n\u00e3o for atrapalhar minha rotina, pretendo acompanhar pelo menos as sele\u00e7\u00f5es principais\u201d.<\/p>\n\n\n\n<p>Outro fator que acaba afastando alguns torcedores da sele\u00e7\u00e3o \u00e9 a falta de jogos no pr\u00f3prio pa\u00eds. O Brasil Global Tour, \u2013 uma s\u00e9rie de jogos da sele\u00e7\u00e3o em um tour mundial &#8211; contrato assinado pela CBF para divulgar as marcas para o exterior por meio de amistosos, fez com que a Amarelinha disputasse 52 amistosos entre 2012 e 2019. Desses 52 jogos, apenas nove foram realizados no Brasil. O fato desses amistosos serem contra equipes menos tradicionais tamb\u00e9m influencia no desinteresse. Foram apenas nove partidas contra equipes que estavam entre as 10 primeiras no Ranking da FIFA. Desses jogos, somente duas sediadas em solo brasileiro. Os dados s\u00e3o do bra\u00e7o da Rec.Sport.Soccer Statistics Foundation \u2013 a RSSSF Brasil. \u00c9 uma jun\u00e7\u00e3o de fatores que implica em menor ades\u00e3o ao time que representa o pa\u00eds.<\/p>\n\n\n\n<div class=\"wp-block-image\"><figure class=\"aligncenter size-large\"><img loading=\"lazy\" decoding=\"async\" width=\"1024\" height=\"607\" src=\"https:\/\/jornalismo-faalc.ufms.br\/projetil\/wp-content\/uploads\/sites\/2\/2022\/11\/linha-do-tempo-1024x607.jpg\" alt=\"\" class=\"wp-image-3036\" srcset=\"https:\/\/jornalismo-faalc.ufms.br\/projetil\/wp-content\/uploads\/sites\/2\/2022\/11\/linha-do-tempo-1024x607.jpg 1024w, https:\/\/jornalismo-faalc.ufms.br\/projetil\/wp-content\/uploads\/sites\/2\/2022\/11\/linha-do-tempo-300x178.jpg 300w, https:\/\/jornalismo-faalc.ufms.br\/projetil\/wp-content\/uploads\/sites\/2\/2022\/11\/linha-do-tempo-768x455.jpg 768w, https:\/\/jornalismo-faalc.ufms.br\/projetil\/wp-content\/uploads\/sites\/2\/2022\/11\/linha-do-tempo-400x237.jpg 400w, https:\/\/jornalismo-faalc.ufms.br\/projetil\/wp-content\/uploads\/sites\/2\/2022\/11\/linha-do-tempo.jpg 1200w\" sizes=\"auto, (max-width: 1024px) 100vw, 1024px\" \/><figcaption>Infogr\u00e1fico por Vict\u00f3ria Amorim. Recursos: <a href=\"https:\/\/br.freepik.com\/autor\/vectorpocket\" target=\"_blank\" rel=\"noreferrer noopener\">vectorpocket \/ freepik<\/a><\/figcaption><\/figure><\/div>\n\n\n\n<h5 class=\"wp-block-heading\"><strong>O Sequestro da Camisa Amarela<\/strong><\/h5>\n\n\n\n<p>A camisa diversas vezes na hist\u00f3ria teve uma liga\u00e7\u00e3o forte com a pol\u00edtica. Na \u00e9poca da ditadura militar, em 1970, a sele\u00e7\u00e3o foi tricampe\u00e3 mundial e o governo refor\u00e7ou o fato para ganhar aprova\u00e7\u00e3o popular, como uma forma de p\u00e3o e circo. O ex-presidente Fernando Collor tentou se utilizar do mesmo artif\u00edcio, quando sua gest\u00e3o foi amea\u00e7ada de impeachment. Ele discursou pedindo ao povo para sair em seu apoio vestindo uma pe\u00e7a de roupa com as cores da bandeira, por\u00e9m o que houve foi uma manifesta\u00e7\u00e3o contra o Collor, em que os manifestantes sa\u00edram de preto, para evidenciarem a discord\u00e2ncia a ele.<\/p>\n\n\n\n<p>Desde 2013, a camisa tem sido associada a grupos pol\u00edticos. A direita conservadora tem feito uso da camisa como s\u00edmbolo do patriotismo. O movimento passe livre, contra o aumento do passe de \u00f4nibus, e as manifesta\u00e7\u00f5es pr\u00f3-impeachment, em 2015, foram o estopim para o sequestro desse s\u00edmbolo brasileiro. Em 2018, por exemplo, a Nike afirmou ter vendido duas vezes mais camisas do que em 2014, ano de Copa no Brasil. Neste ano, o simbolismo da vestimenta foi utilizado pela campanha \u00e0 presid\u00eancia, com o pretexto de resgate das origens patri\u00f3ticas, supostamente perdidas. Tal fato afetou, inclusive, a Copa da \u00e9poca, dificultando a rela\u00e7\u00e3o do uniforme com a paix\u00e3o pelo futebol. Esse efeito separatista tem influ\u00eancia at\u00e9 os dias de hoje.<\/p>\n\n\n\n<p>Recentemente, o atacante da sele\u00e7\u00e3o brasileira, Richarlison, fez cr\u00edticas ao uso da camisa para fins pol\u00edticos. &#8220;Hoje em dia, o pessoal leva muito [a camisa]para o lado pol\u00edtico. Isso faz a gente perder a identidade da camisa e da bandeira amarela. Acho importante que eu como jogador, torcedor e brasileiro, tente levar essa identifica\u00e7\u00e3o para todo o mundo. \u00c9 importante reconhecer que a gente \u00e9 brasileiro, tem sangue brasileiro, e levar isso para o mundo&#8221;, comentou o camisa 9, em Portugal, ap\u00f3s partida da Liga dos Campe\u00f5es, em 13 de setembro, pelo Tottenham, seu clube na Inglaterra.<\/p>\n\n\n\n<p>Dirceu concorda com o jogador. \u201cEnt\u00e3o sim, tem essa associa\u00e7\u00e3o atual do uso da camisa da sele\u00e7\u00e3o principalmente relacionado com a quest\u00e3o das corrup\u00e7\u00f5es da CBF [&#8230;] Ent\u00e3o eu acho que todas essas problem\u00e1ticas que ocorrem no esporte afastam sim o torcedor da sele\u00e7\u00e3o brasileira\u201d, analisa o professor.<\/p>\n\n\n\n<div class=\"wp-block-image\"><figure class=\"aligncenter size-full\"><img loading=\"lazy\" decoding=\"async\" width=\"500\" height=\"333\" src=\"https:\/\/jornalismo-faalc.ufms.br\/projetil\/wp-content\/uploads\/sites\/2\/2022\/11\/4-ft.jpg\" alt=\"\" class=\"wp-image-3035\" srcset=\"https:\/\/jornalismo-faalc.ufms.br\/projetil\/wp-content\/uploads\/sites\/2\/2022\/11\/4-ft.jpg 500w, https:\/\/jornalismo-faalc.ufms.br\/projetil\/wp-content\/uploads\/sites\/2\/2022\/11\/4-ft-300x200.jpg 300w, https:\/\/jornalismo-faalc.ufms.br\/projetil\/wp-content\/uploads\/sites\/2\/2022\/11\/4-ft-400x266.jpg 400w\" sizes=\"auto, (max-width: 500px) 100vw, 500px\" \/><figcaption>O futebol traz para Ketlen e Calebe momentos felizes em fam\u00edlia. Juntos, eles v\u00e3o para a rua bater bola, montam o \u00e1lbum de figurinhas da copa e cultivam o sentimento pelo esporte. Foto: Gabriela Cenciarelli <\/figcaption><\/figure><\/div>\n\n\n\n<div class=\"wp-block-image\"><figure class=\"aligncenter size-full\"><img loading=\"lazy\" decoding=\"async\" width=\"500\" height=\"340\" src=\"https:\/\/jornalismo-faalc.ufms.br\/projetil\/wp-content\/uploads\/sites\/2\/2022\/11\/3-ft.jpg\" alt=\"\" class=\"wp-image-3034\" srcset=\"https:\/\/jornalismo-faalc.ufms.br\/projetil\/wp-content\/uploads\/sites\/2\/2022\/11\/3-ft.jpg 500w, https:\/\/jornalismo-faalc.ufms.br\/projetil\/wp-content\/uploads\/sites\/2\/2022\/11\/3-ft-300x204.jpg 300w, https:\/\/jornalismo-faalc.ufms.br\/projetil\/wp-content\/uploads\/sites\/2\/2022\/11\/3-ft-400x272.jpg 400w\" sizes=\"auto, (max-width: 500px) 100vw, 500px\" \/><figcaption> Foto: Gabriela Cenciarelli <\/figcaption><\/figure><\/div>\n\n\n\n<div class=\"wp-block-image\"><figure class=\"aligncenter size-full\"><img loading=\"lazy\" decoding=\"async\" width=\"500\" height=\"333\" src=\"https:\/\/jornalismo-faalc.ufms.br\/projetil\/wp-content\/uploads\/sites\/2\/2022\/11\/2-ft.jpg\" alt=\"\" class=\"wp-image-3033\" srcset=\"https:\/\/jornalismo-faalc.ufms.br\/projetil\/wp-content\/uploads\/sites\/2\/2022\/11\/2-ft.jpg 500w, https:\/\/jornalismo-faalc.ufms.br\/projetil\/wp-content\/uploads\/sites\/2\/2022\/11\/2-ft-300x200.jpg 300w, https:\/\/jornalismo-faalc.ufms.br\/projetil\/wp-content\/uploads\/sites\/2\/2022\/11\/2-ft-400x266.jpg 400w\" sizes=\"auto, (max-width: 500px) 100vw, 500px\" \/><figcaption> Foto: Gabriela Cenciarelli <\/figcaption><\/figure><\/div>\n\n\n\n<p>Ketlen e Kau\u00ea partem de pontos de vista diferentes sobre o tema. Enquanto a m\u00e3e de Calebe afirma que pretende comprar o uniforme azul para seu filho, o pai de Renan \u00e9 contr\u00e1rio \u00e0 associa\u00e7\u00e3o da camisa com a pol\u00edtica, pois o amarelo est\u00e1 na hist\u00f3ria da sele\u00e7\u00e3o. \u201cA camisa amarela est\u00e1 associada a bandeira, n\u00e3o vejo como manifesta\u00e7\u00e3o pol\u00edtica o uso da camisa amarela\u201d, afirma. Quando perguntado se compraria a amarelinha para seu filho, foi enf\u00e1tico. \u201cSim, com certeza.\u201d<\/p>\n\n\n\n<h5 class=\"wp-block-heading\"><strong>A juventude retomando a tradi\u00e7\u00e3o<\/strong><\/h5>\n\n\n\n<p>Embora parte da popula\u00e7\u00e3o tenha perdido interesse na sele\u00e7\u00e3o brasileira, ainda \u00e9 poss\u00edvel encontrar jovens que mant\u00eam o sentimento pela Canarinho. Nos amistosos de prepara\u00e7\u00e3o para o mundial, bares ficaram repletos de amigos reunidos para torcer para o Brasil. Em redes sociais, como o Twitter, \u00e9 n\u00edtida a empolga\u00e7\u00e3o para a Copa do Mundo. Para essa gera\u00e7\u00e3o \u00e9 a chance de ver o primeiro grande t\u00edtulo.<\/p>\n\n\n\n<p>Davi Pires, 16, \u00e9 um desses jovens que n\u00e3o esconde a expectativa pelo torneio. \u201cEu estou ansioso porque, assim, eu sou novo, ent\u00e3o eu nunca vi o Brasil ser campe\u00e3o, igual meu pai. Ent\u00e3o, toda vez \u00e9 aquela expectativa de ganhar, mas dessa vez ainda mais.(janela) Sinto que a nossa sele\u00e7\u00e3o \u00e9 forte e pode conquistar o t\u00edtulo. Eu espero muito que ganhe\u201d, relata. A uni\u00e3o dos torcedores de diversos clubes gra\u00e7as a sele\u00e7\u00e3o brasileira \u00e9 o que encanta Davi \u00e0s v\u00e9speras da Copa do Mundo. Essa uni\u00e3o ocorre por fatores como o fanatismo pelo futebol e a idolatria de jogadores como Neymar, Richarlison, entre outros. A copa \u00e9 um importante evento de integra\u00e7\u00e3o social. Al\u00e9m dos jogos, pessoas de todas as idades se re\u00fanem para trocar figurinhas, por exemplo. O \u00c1lbum da Copa \u00e9 sempre uma febre.<\/p>\n\n\n\n<p>Vinicius Junior e Lucas Paquet\u00e1 tamb\u00e9m est\u00e3o sempre se manifestando no Twitter e no Instagram. Essa rela\u00e7\u00e3o dos craques com a juventude resulta em um importante processo de restabelecimento dos la\u00e7os entre os brasileiros e a sele\u00e7\u00e3o nacional.<\/p>\n\n\n\n<p>Se os jovens conseguem por conta pr\u00f3pria essa uni\u00e3o para a torcida, as crian\u00e7as dependem de seus pais. Ao inv\u00e9s de bares, a festa delas acontece na casa de familiares. E no que depender de Ketlen, Calebe ser\u00e1 mais um entre os torcedores da sele\u00e7\u00e3o. \u201cMostrei pro Calebe uns v\u00eddeos de Copa, para ele saber o que \u00e9, e ele disse que est\u00e1 animado. Vai torcer pelo Brasil\u201d. Renan tamb\u00e9m depende de seus pais para se inserir na cultura de torcer em fam\u00edlia para a sele\u00e7\u00e3o nacional. A inser\u00e7\u00e3o dos pequenos nesse mundo \u00e9 o primeiro passo para a retomada da tradi\u00e7\u00e3o.<\/p>\n\n\n\n<p>No Catar, os jogadores esperam esse apoio, mesmo que t\u00e3o distante, para dar alegria aos Davis, Renans e Calebes espalhados pelo Brasil.<\/p>\n\n\n\n<h5 class=\"wp-block-heading\">COMENT\u00c1RIO: O sonho \u00e9 poss\u00edvel<\/h5>\n\n\n\n<p>Em 2022, a sele\u00e7\u00e3o pentacampe\u00e3 da Copa do Mundo vai em busca do hexa nessa nova edi\u00e7\u00e3o da competi\u00e7\u00e3o. O t\u00e3o sonhado sexto t\u00edtulo, que parece ter escorregado das m\u00e3os dos brasileiros tantas e tantas vezes e por anos pareceu t\u00e3o distante, agora est\u00e1 mais pr\u00f3xima do que nunca.<\/p>\n\n\n\n<p>Apesar dos recentes esc\u00e2ndalos na CBF e do sequestro pol\u00edtico da camisa amarela da sele\u00e7\u00e3o, que mancham a imagem do futebol brasileiro, a Copa \u00e9 um momento de integra\u00e7\u00e3o, festas e comemora\u00e7\u00e3o. Esperamos que em 2022, com mais um t\u00edtulo, o simbolismo e a tradi\u00e7\u00e3o brasileira sejam recuperados.<\/p>\n\n\n\n<p>O Brasil chega no Catar com a condi\u00e7\u00e3o de favorito. Os advers\u00e1rios mais fortes como Fran\u00e7a, Inglaterra e B\u00e9lgica, passam por p\u00e9ssimos momentos, com les\u00f5es de importantes jogadores, trabalhos extremamente contestados de se seus t\u00e9cnicos o que planta d\u00favida na mente dos torcedores. Enquanto isso, Espanha, Holanda e Alemanha sofrem na reconstru\u00e7\u00e3o de seus times, e buscam o amadurecimento de seus jovens atletas, que podem um dia brilhar e levar suas sele\u00e7\u00f5es a brigar pelo t\u00edtulo da competi\u00e7\u00e3o. Por enquanto, procuram apenas se manter entre as principais pot\u00eancias.<\/p>\n\n\n\n<p>Com bases nas fontes entrevistadas para a reportagem \u201cfutebol heredit\u00e1rio\u201d, \u00e9 not\u00e1vel uma anima\u00e7\u00e3o maior por parte da torcida. Acreditamos que o elenco brasileiro atual influencia muito nisso. A convoca\u00e7\u00e3o dos jogadores j\u00e1 \u00e9 oficial: foram definidos os 26 atletas que ir\u00e3o representar a sele\u00e7\u00e3o. O poder defensivo \u00e9 marcado por nomes como Alisson, Thiago Silva, Marquinhos e Casemiro, que dificilmente s\u00e3o superados, e formam uma muralha diante do gol brasileiro. O ataque por sua vez domina os advers\u00e1rios com seu futebol alegre e ousado, provenientes da juventude e do famoso \u201cfutebol arte\u201d, com atacantes como Antony, Vin\u00edcius J\u00fanior, Raphinha e Richarlison, que tem destaque nos seus respectivos times, seguidos pela lideran\u00e7a do principal jogador da sele\u00e7\u00e3o, e candidato a melhor do mundo, Neymar. Ele \u00e9 a maior joia da \u00faltima gera\u00e7\u00e3o brasileira de jogadores e se tratando da sua poss\u00edvel despedida da competi\u00e7\u00e3o, \u00e9 uma motiva\u00e7\u00e3o a mais para a conquista.<\/p>\n\n\n\n<p>A confian\u00e7a vai al\u00e9m do campo e chega nas arquibancadas, com um amor que \u00e9 heredit\u00e1rio. A nova gera\u00e7\u00e3o chega como uma chama de esperan\u00e7a que vai apoiar o time a buscar o \u00fanico resultado que importa: ser hexa campe\u00e3o.<\/p>\n\n\n\n<div class=\"wp-block-buttons is-content-justification-center is-layout-flex wp-block-buttons-is-layout-flex\"><\/div>\n\n\n\n<div class=\"wp-block-buttons is-content-justification-center is-layout-flex wp-block-buttons-is-layout-flex\">\n<div class=\"wp-block-button\"><a class=\"wp-block-button__link\" href=\"https:\/\/jornalismo-faalc.ufms.br\/projetil\/projetil-99\/\">voltar para edi\u00e7\u00e3o 99<\/a><\/div>\n<\/div>\n","protected":false},"excerpt":{"rendered":"<p>Um amor que n\u00e3o se prende a gera\u00e7\u00f5es e une pessoas de todas as idades na torcida pela sele\u00e7\u00e3o brasileira Texto: Enzo Pereira Cardoso | Mateus Adriano | Reuel Oliveira \u201cEm 58 foi Pel\u00e9, Em 62 foi o Man\u00e9, Em 70 o esquadr\u00e3o, Primeiro a ser tricampe\u00e3o. Oh, 94 Rom\u00e1rio, 2002 Fen\u00f4meno, Primeiro tetracampe\u00e3o, \u00danico [&hellip;]<\/p>\n","protected":false},"author":35,"featured_media":0,"comment_status":"closed","ping_status":"open","sticky":false,"template":"","format":"standard","meta":{"footnotes":""},"categories":[27],"tags":[],"class_list":["post-3030","post","type-post","status-publish","format-standard","hentry","category-reportagem99"],"_links":{"self":[{"href":"https:\/\/jornalismo-faalc.ufms.br\/projetil\/wp-json\/wp\/v2\/posts\/3030","targetHints":{"allow":["GET"]}}],"collection":[{"href":"https:\/\/jornalismo-faalc.ufms.br\/projetil\/wp-json\/wp\/v2\/posts"}],"about":[{"href":"https:\/\/jornalismo-faalc.ufms.br\/projetil\/wp-json\/wp\/v2\/types\/post"}],"author":[{"embeddable":true,"href":"https:\/\/jornalismo-faalc.ufms.br\/projetil\/wp-json\/wp\/v2\/users\/35"}],"replies":[{"embeddable":true,"href":"https:\/\/jornalismo-faalc.ufms.br\/projetil\/wp-json\/wp\/v2\/comments?post=3030"}],"version-history":[{"count":5,"href":"https:\/\/jornalismo-faalc.ufms.br\/projetil\/wp-json\/wp\/v2\/posts\/3030\/revisions"}],"predecessor-version":[{"id":3234,"href":"https:\/\/jornalismo-faalc.ufms.br\/projetil\/wp-json\/wp\/v2\/posts\/3030\/revisions\/3234"}],"wp:attachment":[{"href":"https:\/\/jornalismo-faalc.ufms.br\/projetil\/wp-json\/wp\/v2\/media?parent=3030"}],"wp:term":[{"taxonomy":"category","embeddable":true,"href":"https:\/\/jornalismo-faalc.ufms.br\/projetil\/wp-json\/wp\/v2\/categories?post=3030"},{"taxonomy":"post_tag","embeddable":true,"href":"https:\/\/jornalismo-faalc.ufms.br\/projetil\/wp-json\/wp\/v2\/tags?post=3030"}],"curies":[{"name":"wp","href":"https:\/\/api.w.org\/{rel}","templated":true}]}}