{"id":4248,"date":"2024-07-12T10:59:24","date_gmt":"2024-07-12T14:59:24","guid":{"rendered":"https:\/\/jornalismo-faalc.ufms.br\/projetil\/?p=4248"},"modified":"2024-07-12T11:00:15","modified_gmt":"2024-07-12T15:00:15","slug":"o-que-voce-precisa-saber-antes-de-ler-essa-reportagem","status":"publish","type":"post","link":"https:\/\/jornalismo-faalc.ufms.br\/projetil\/o-que-voce-precisa-saber-antes-de-ler-essa-reportagem\/","title":{"rendered":"O que voc\u00ea precisa saber antes de ler essa reportagem"},"content":{"rendered":"\n<p class=\"has-text-align-center has-accent-color has-text-color\"><strong>Texto: Fernanda S\u00e1 | Glenda Rodrigues | Maria Gabriela Arcanjo | Murilo Medeiros<br>Ilustra\u00e7\u00e3o: Fernanda S\u00e1<\/strong><\/p>\n\n\n\n<hr class=\"wp-block-separator has-alpha-channel-opacity\" \/>\n\n\n\n<p class=\"has-primary-color has-text-color\">O golpe n\u00e3o come\u00e7ou em 1964. A insatisfa\u00e7\u00e3o militar se inicia com a ascens\u00e3o de Jo\u00e3o Goulart, conhecido Jango, ao poder, tr\u00eas anos antes. Jango, que era vice, assumiria a Presid\u00eancia da Rep\u00fablica ap\u00f3s a ren\u00fancia de J\u00e2nio Quadros, mas ele estava em viagem oficial na China e militares de alta patente anunciaram que o prenderiam assim que chegasse ao Brasil. A solu\u00e7\u00e3o para a crise foi o parlamentarismo. Jango entregou poderes a Tancredo Neves, que foi nomeado Primeiro-Ministro. Em 1963 foi realizado um plebiscito e 83% da popula\u00e7\u00e3o escolheu pelo fim do parlamentarismo, Jango voltou a ser um presidente com plenos poderes.<\/p>\n\n\n\n<p class=\"has-primary-color has-text-color\">Um ano depois, ele seria deposto. Nesse meio tempo, Jango defendeu a realiza\u00e7\u00e3o de reformas de base (agr\u00e1ria, banc\u00e1ria, administrativa, universit\u00e1ria e eleitoral) e foi visto como radical e comunista por parte da elite brasileira. Dezenas de manifesta\u00e7\u00f5es populares, chamadas Marcha da Fam\u00edlia com Deus pela Liberdade, pediram uma interven\u00e7\u00e3o militar para frear a suposta amea\u00e7a comunista.<\/p>\n\n\n\n<p class=\"has-primary-color has-text-color\">Mas o presidente manteve-se firme na defesa das reformas. Em 13 de mar\u00e7o de 1964, em um com\u00edcio na Central do Brasil (RJ), ele fez um discurso inflamado, que irritou conservadores. Na v\u00e9spera do golpe, fez outro com\u00edcio, desta vez no Autom\u00f3vel Clube do Rio de Janeiro. Come\u00e7ava a\u00ed o per\u00edodo da Ditadura Militar.<\/p>\n\n\n\n<p class=\"has-primary-color has-text-color\">A palavra \u2018ditadura\u2019 \u00e9 entendida pelo dicion\u00e1rio Michaelis como \u201cGoverno autorit\u00e1rio, unipessoal ou colegiado, caracterizado pela tomada do poder pol\u00edtico, com o apoio das For\u00e7as Armadas, em desrespeito \u00e0s leis em vigor, com a consequente subordina\u00e7\u00e3o dos \u00f3rg\u00e3os legislativos e judici\u00e1rios, a suspens\u00e3o das elei\u00e7\u00f5es e do estado de direito, com medidas controladoras da liberdade individual, repress\u00e3o da livre express\u00e3o, censura da imprensa e aus\u00eancia de regras transparentes em rela\u00e7\u00e3o ao processo de sucess\u00e3o governamental\u201d. Em contraposi\u00e7\u00e3o, a palavra \u2018democracia\u2019 \u00e9 definida como \u201cForma de governo em que a soberania \u00e9 exercida pelo povo\u201d.<\/p>\n\n\n\n<p class=\"has-primary-color has-text-color\">Durante esse per\u00edodo autorit\u00e1rio da hist\u00f3ria do Brasil, o poder foi exercido justamente para reprimir o povo. Foram vetados direitos como liberdade de express\u00e3o, de locomo\u00e7\u00e3o, de imprensa, direito de votar e de ser votado, cidadania, dignidade da pessoa humana, pluralismo pol\u00edtico, dentre muitos outros. A tortura foi institucionalizada e os advers\u00e1rios do regime, cruelmente perseguidos.<\/p>\n\n\n\n<p class=\"has-primary-color has-text-color\">Esta reportagem come\u00e7a contando a hist\u00f3ria de pessoas que sofreram persegui\u00e7\u00e3o no sul de Mato Grosso e termina em Mato Grosso do Sul. Em 11 de outubro de 1977, no meio do per\u00edodo ditatorial, o estado de MT foi dividido por uma san\u00e7\u00e3o presidencial de Ernesto Geisel, ditador militar que governava o Brasil. Desde ent\u00e3o, a regi\u00e3o sul de Mato Grosso \u00e9 denominada Mato Grosso do Sul.<\/p>\n\n\n\n<figure class=\"wp-block-image size-full\"><img loading=\"lazy\" decoding=\"async\" width=\"800\" height=\"631\" src=\"https:\/\/jornalismo-faalc.ufms.br\/projetil\/wp-content\/uploads\/sites\/2\/2024\/06\/maq-escrever.jpg\" alt=\"\" class=\"wp-image-4373\" srcset=\"https:\/\/jornalismo-faalc.ufms.br\/projetil\/wp-content\/uploads\/sites\/2\/2024\/06\/maq-escrever.jpg 800w, https:\/\/jornalismo-faalc.ufms.br\/projetil\/wp-content\/uploads\/sites\/2\/2024\/06\/maq-escrever-300x237.jpg 300w, https:\/\/jornalismo-faalc.ufms.br\/projetil\/wp-content\/uploads\/sites\/2\/2024\/06\/maq-escrever-768x606.jpg 768w, https:\/\/jornalismo-faalc.ufms.br\/projetil\/wp-content\/uploads\/sites\/2\/2024\/06\/maq-escrever-400x316.jpg 400w\" sizes=\"auto, (max-width: 800px) 100vw, 800px\" \/><\/figure>\n\n\n\n<div class=\"wp-block-buttons is-layout-flex wp-block-buttons-is-layout-flex\">\n<div class=\"wp-block-button aligncenter\"><a class=\"wp-block-button__link has-background-color has-accent-background-color has-text-color has-background wp-element-button\" href=\"https:\/\/jornalismo-faalc.ufms.br\/projetil\/projetil-102\/\">voltar para a edi\u00e7\u00e3o 102<\/a><\/div>\n<\/div>\n","protected":false},"excerpt":{"rendered":"<p>Texto: Fernanda S\u00e1 | Glenda Rodrigues | Maria Gabriela Arcanjo | Murilo MedeirosIlustra\u00e7\u00e3o: Fernanda S\u00e1 O golpe n\u00e3o come\u00e7ou em 1964. A insatisfa\u00e7\u00e3o militar se inicia com a ascens\u00e3o de Jo\u00e3o Goulart, conhecido Jango, ao poder, tr\u00eas anos antes. Jango, que era vice, assumiria a Presid\u00eancia da Rep\u00fablica ap\u00f3s a ren\u00fancia de J\u00e2nio Quadros, mas [&hellip;]<\/p>\n","protected":false},"author":35,"featured_media":0,"comment_status":"closed","ping_status":"open","sticky":false,"template":"","format":"standard","meta":{"footnotes":""},"categories":[37],"tags":[],"class_list":["post-4248","post","type-post","status-publish","format-standard","hentry","category-especial102"],"_links":{"self":[{"href":"https:\/\/jornalismo-faalc.ufms.br\/projetil\/wp-json\/wp\/v2\/posts\/4248","targetHints":{"allow":["GET"]}}],"collection":[{"href":"https:\/\/jornalismo-faalc.ufms.br\/projetil\/wp-json\/wp\/v2\/posts"}],"about":[{"href":"https:\/\/jornalismo-faalc.ufms.br\/projetil\/wp-json\/wp\/v2\/types\/post"}],"author":[{"embeddable":true,"href":"https:\/\/jornalismo-faalc.ufms.br\/projetil\/wp-json\/wp\/v2\/users\/35"}],"replies":[{"embeddable":true,"href":"https:\/\/jornalismo-faalc.ufms.br\/projetil\/wp-json\/wp\/v2\/comments?post=4248"}],"version-history":[{"count":5,"href":"https:\/\/jornalismo-faalc.ufms.br\/projetil\/wp-json\/wp\/v2\/posts\/4248\/revisions"}],"predecessor-version":[{"id":4405,"href":"https:\/\/jornalismo-faalc.ufms.br\/projetil\/wp-json\/wp\/v2\/posts\/4248\/revisions\/4405"}],"wp:attachment":[{"href":"https:\/\/jornalismo-faalc.ufms.br\/projetil\/wp-json\/wp\/v2\/media?parent=4248"}],"wp:term":[{"taxonomy":"category","embeddable":true,"href":"https:\/\/jornalismo-faalc.ufms.br\/projetil\/wp-json\/wp\/v2\/categories?post=4248"},{"taxonomy":"post_tag","embeddable":true,"href":"https:\/\/jornalismo-faalc.ufms.br\/projetil\/wp-json\/wp\/v2\/tags?post=4248"}],"curies":[{"name":"wp","href":"https:\/\/api.w.org\/{rel}","templated":true}]}}