{"id":4288,"date":"2024-07-12T11:12:25","date_gmt":"2024-07-12T15:12:25","guid":{"rendered":"https:\/\/jornalismo-faalc.ufms.br\/projetil\/?p=4288"},"modified":"2024-07-16T10:45:37","modified_gmt":"2024-07-16T14:45:37","slug":"baseado-em-fatos-reais","status":"publish","type":"post","link":"https:\/\/jornalismo-faalc.ufms.br\/projetil\/baseado-em-fatos-reais\/","title":{"rendered":"Baseado em fatos reais"},"content":{"rendered":"\n<p class=\"has-text-align-center has-accent-color has-text-color\"><strong>Texto: Jo\u00e3o Vitor Marques<\/strong><br><strong>Ilustra\u00e7\u00e3o: Anne Marinho<\/strong><\/p>\n\n\n\n<hr class=\"wp-block-separator has-alpha-channel-opacity\"\/>\n\n\n\n<p>Projeto original do aplicativo de streaming Globoplay e produzido pela CBN, o podcast &#8220;A Ditadura Recontada: as vozes do Golpe&#8221; tem como premissa trazer \u00e0 luz \u00e1udios in\u00e9ditos que recontam os principais momentos e os bastidores da Ditadura Militar brasileira de uma maneira jamais escutada. Segundo a sinopse, nada do que foi mostrado em diversas m\u00eddias e publica\u00e7\u00f5es a respeito dos 60 anos do golpe militar se compara a esta s\u00e9rie. De cara, um dos atrativos do podcast \u00e9 ser uma das raras iniciativas produzidas no pa\u00eds para relembrar a data &#8211; e a \u00fanica do maior ve\u00edculo de comunica\u00e7\u00e3o nacional, as Organiza\u00e7\u00f5es Globo.<\/p>\n\n\n\n<p>Apresentado pela jornalista Nadedja Calado, com co-narra\u00e7\u00e3o da roteirista e pesquisadora Helena Dias, o produto, baseado na cole\u00e7\u00e3o de cinco livros do premiado jornalista Elio Gaspari sobre a ditadura, faz jus ao seu t\u00edtulo. A obra realmente reconta, inclusive de maneira quase did\u00e1tica, todo o per\u00edodo ditatorial, desde os principais fatos que o antecederam at\u00e9 a sua derrocada. E acerta ao narrar os acontecimentos de forma cronol\u00f3gica, fazendo, mesmo quem n\u00e3o conhece a fundo a longa e complexa hist\u00f3ria da ditadura, entender o que se passou.<\/p>\n\n\n\n<figure class=\"wp-block-image size-large\"><img loading=\"lazy\" decoding=\"async\" width=\"768\" height=\"1024\" src=\"https:\/\/jornalismo-faalc.ufms.br\/projetil\/wp-content\/uploads\/sites\/2\/2024\/06\/Desenho-podcast--768x1024.jpg\" alt=\"\" class=\"wp-image-4345\" srcset=\"https:\/\/jornalismo-faalc.ufms.br\/projetil\/wp-content\/uploads\/sites\/2\/2024\/06\/Desenho-podcast--768x1024.jpg 768w, https:\/\/jornalismo-faalc.ufms.br\/projetil\/wp-content\/uploads\/sites\/2\/2024\/06\/Desenho-podcast--225x300.jpg 225w, https:\/\/jornalismo-faalc.ufms.br\/projetil\/wp-content\/uploads\/sites\/2\/2024\/06\/Desenho-podcast--1152x1536.jpg 1152w, https:\/\/jornalismo-faalc.ufms.br\/projetil\/wp-content\/uploads\/sites\/2\/2024\/06\/Desenho-podcast--1200x1601.jpg 1200w, https:\/\/jornalismo-faalc.ufms.br\/projetil\/wp-content\/uploads\/sites\/2\/2024\/06\/Desenho-podcast--1250x1667.jpg 1250w, https:\/\/jornalismo-faalc.ufms.br\/projetil\/wp-content\/uploads\/sites\/2\/2024\/06\/Desenho-podcast--400x534.jpg 400w, https:\/\/jornalismo-faalc.ufms.br\/projetil\/wp-content\/uploads\/sites\/2\/2024\/06\/Desenho-podcast-.jpg 1417w\" sizes=\"auto, (max-width: 768px) 100vw, 768px\" \/><\/figure>\n\n\n\n<p>O podcast conta com seis epis\u00f3dios, todos j\u00e1 dispon\u00edveis nas principais plataformas de \u00e1udio e com dura\u00e7\u00e3o de mais de 1h cada. Parece muito, mas o tempo passa r\u00e1pido ao sermos atingidos pela narrativa. Nos dois primeiros epis\u00f3dios, \u00e9 mostrado o cen\u00e1rio do pa\u00eds nos anos que antecederam o golpe, o radicalismo das ideologias pol\u00edticas presentes e a deflagra\u00e7\u00e3o do movimento, assim como os primeiros anos de ditadura. No segundo epis\u00f3dio, o ponto alto \u00e9 a reconstitui\u00e7\u00e3o da reuni\u00e3o em que foi decidida a promulga\u00e7\u00e3o do Ato Institucional n\u00ba5 (AI-5), ato mais repressivo do per\u00edodo e que refor\u00e7ou as pr\u00e1ticas da tortura e da censura. Esses momentos revelam a frieza chocante de quem comandava o pa\u00eds.<\/p>\n\n\n\n<p>A hist\u00f3ria segue com o endurecimento do regime e os momentos mais sombrios do per\u00edodo, em que os pr\u00f3prios presidentes da Rep\u00fablica autorizaram os \u00f3rg\u00e3os de repress\u00e3o a matar quem se insurgiu contra o poder militar. Uma verdadeira pol\u00edtica de exterm\u00ednio, que acontecia dentro da clandestinidade dos por\u00f5es do Departamento de Opera\u00e7\u00f5es de Informa\u00e7\u00f5es &#8211; Centro de Opera\u00e7\u00f5es de Defesa Interna (DOI-CODI). Um material importante para mostrar a quem se sente confort\u00e1vel em repetir que \u201cbom era no tempo dos militares\u201d. Os fatos mostram que, na verdade, o pa\u00eds se transformou em uma clara \u201cterra sem lei\u201d para quem era \u00e0 favor do regime, onde os militares faziam o que queriam, sem pensar nas consequ\u00eancias.<\/p>\n\n\n\n<p>Mas, \u00e9 a partir do quarto epis\u00f3dio que a grande novidade do podcast ganha for\u00e7a. Ao contar a chegada de Ernesto Geisel \u00e0 Presid\u00eancia da Rep\u00fablica, em 1974, o acervo de mais de 200 horas de \u00e1udios hist\u00f3ricos de Elio Gaspari \u00e9 bem amarrado ao roteiro inspirado, de Ana Maria Straube. Aqui, \u00e9 preciso ter est\u00f4mago para ouvir Geisel dizer, por exemplo, que \u201co neg\u00f3cio melhorou muito quando come\u00e7amos a matar\u201d ou assumir que, sob suas ordens, diversos militantes foram mortos nos quart\u00e9is que comandava antes de chegar \u00e0 presid\u00eancia.<\/p>\n\n\n\n<p>A sensa\u00e7\u00e3o de horror ao ouvir tais falas acentua o pensamento de&nbsp; que, nos \u00faltimos anos, estivemos bem pr\u00f3ximos de voltar \u00e0s trevas da ditadura. No caso da qualidade sonora dos \u00e1udios antigos, o uso de softwares de Intelig\u00eancia Artificial para melhorar a qualidade das grava\u00e7\u00f5es de Geisel funciona melhor do que as narra\u00e7\u00f5es feitas por jornalistas da CBN, tamb\u00e9m utilizadas na obra. Esses \u00e1udios originais mostram a&nbsp; naturalidade com que os militares tratavam as atrocidades que cometiam.<\/p>\n\n\n\n<p>\u00c9 claro que o podcast n\u00e3o extirpar\u00e1 da nossa sociedade os alucinados pedidos pela volta de um regime militar. Diferente dos aficionados por voltar a seguir ordens de \u201cmilicos\u201d, por aqui n\u00e3o acreditamos em \u201cmilagre\u201d, nem econ\u00f4mico, nem de intelig\u00eancia. Mas, a produ\u00e7\u00e3o serve para n\u00e3o perdermos de vista que a Ditadura Militar de 1964 foi corrupta e sanguin\u00e1ria e, mais importante, n\u00e3o permitirmos que os crimes do passado, no presente, sejam transformados em motivo de saudosismo.<\/p>\n\n\n\n<hr class=\"wp-block-separator has-alpha-channel-opacity\"\/>\n\n\n\n<p style=\"text-align: left;\"><span style=\"color: #ffffff;\"><strong>Ficha t\u00e9cnica:<\/strong><\/span><br \/><span style=\"color: #ffffff;\"><strong>T\u00edtulo: A Ditadura Recontada: as vozes do Golpe<\/strong><\/span><br \/><span style=\"color: #ffffff;\"><strong>Coordena\u00e7\u00e3o e Desenvolvimento: Thiago Barbosa e Alexandre Maron<\/strong><\/span><br \/><span style=\"color: #ffffff;\"><strong>Apresenta\u00e7\u00e3o: Nadedja Calado<\/strong><\/span><br \/><span style=\"color: #ffffff;\"><strong>Ano: 2024<\/strong><\/span><br \/><span style=\"color: #ffffff;\"><strong>Produ\u00e7\u00e3o: Globoplay e CBN<\/strong><\/span><br \/><span style=\"color: #ffffff;\"><strong>Dura\u00e7\u00e3o: 6 epis\u00f3dios<\/strong><\/span><\/p>\n\n\n\n<div class=\"wp-block-buttons alignwide is-content-justification-center is-layout-flex wp-container-core-buttons-is-layout-16018d1d wp-block-buttons-is-layout-flex\">\n<div class=\"wp-block-button has-custom-font-size aligncenter is-style-fill has-normal-font-size\"><a class=\"wp-block-button__link has-accent-background-color has-background wp-element-button\" href=\"https:\/\/jornalismo-faalc.ufms.br\/projetil\/projetil-102\/\">VOLTAR A EDI\u00c7\u00c3O 102<\/a><\/div>\n<\/div>\n","protected":false},"excerpt":{"rendered":"<p>Texto: Jo\u00e3o Vitor MarquesIlustra\u00e7\u00e3o: Anne Marinho Projeto original do aplicativo de streaming Globoplay e produzido pela CBN, o podcast &#8220;A Ditadura Recontada: as vozes do Golpe&#8221; tem como premissa trazer \u00e0 luz \u00e1udios in\u00e9ditos que recontam os principais momentos e os bastidores da Ditadura Militar brasileira de uma maneira jamais escutada. Segundo a sinopse, nada [&hellip;]<\/p>\n","protected":false},"author":35,"featured_media":0,"comment_status":"closed","ping_status":"open","sticky":false,"template":"","format":"standard","meta":{"footnotes":""},"categories":[35],"tags":[],"class_list":["post-4288","post","type-post","status-publish","format-standard","hentry","category-opiniao102"],"_links":{"self":[{"href":"https:\/\/jornalismo-faalc.ufms.br\/projetil\/wp-json\/wp\/v2\/posts\/4288","targetHints":{"allow":["GET"]}}],"collection":[{"href":"https:\/\/jornalismo-faalc.ufms.br\/projetil\/wp-json\/wp\/v2\/posts"}],"about":[{"href":"https:\/\/jornalismo-faalc.ufms.br\/projetil\/wp-json\/wp\/v2\/types\/post"}],"author":[{"embeddable":true,"href":"https:\/\/jornalismo-faalc.ufms.br\/projetil\/wp-json\/wp\/v2\/users\/35"}],"replies":[{"embeddable":true,"href":"https:\/\/jornalismo-faalc.ufms.br\/projetil\/wp-json\/wp\/v2\/comments?post=4288"}],"version-history":[{"count":11,"href":"https:\/\/jornalismo-faalc.ufms.br\/projetil\/wp-json\/wp\/v2\/posts\/4288\/revisions"}],"predecessor-version":[{"id":4847,"href":"https:\/\/jornalismo-faalc.ufms.br\/projetil\/wp-json\/wp\/v2\/posts\/4288\/revisions\/4847"}],"wp:attachment":[{"href":"https:\/\/jornalismo-faalc.ufms.br\/projetil\/wp-json\/wp\/v2\/media?parent=4288"}],"wp:term":[{"taxonomy":"category","embeddable":true,"href":"https:\/\/jornalismo-faalc.ufms.br\/projetil\/wp-json\/wp\/v2\/categories?post=4288"},{"taxonomy":"post_tag","embeddable":true,"href":"https:\/\/jornalismo-faalc.ufms.br\/projetil\/wp-json\/wp\/v2\/tags?post=4288"}],"curies":[{"name":"wp","href":"https:\/\/api.w.org\/{rel}","templated":true}]}}