{"id":4370,"date":"2024-07-12T10:49:30","date_gmt":"2024-07-12T14:49:30","guid":{"rendered":"https:\/\/jornalismo-faalc.ufms.br\/projetil\/?p=4370"},"modified":"2024-07-16T10:53:48","modified_gmt":"2024-07-16T14:53:48","slug":"antonimia","status":"publish","type":"post","link":"https:\/\/jornalismo-faalc.ufms.br\/projetil\/antonimia\/","title":{"rendered":"Anton\u00edmia"},"content":{"rendered":"\n<hr class=\"wp-block-separator has-alpha-channel-opacity\"\/>\n\n\n<p>O tema do Proj\u00e9til 102 nasceu de uma anton\u00edmia. Quando nos demos conta de que em 2024 a Ditadura Militar completaria 60 anos, n\u00e3o pod\u00edamos deixar de falar sobre um assunto t\u00e3o marcante na constru\u00e7\u00e3o da identidade brasileira atual. Com isso, a partir das conversas entre alunas, alunos e professoras, surgiu a ideia de trazermos como tema-eixo o que mais faltou durante os 21 anos sangrentos do Regime Militar no Brasil, a liberdade. Por meio do caderno especial \u201cPara que n\u00e3o se esque\u00e7a, para que nunca mais aconte\u00e7a\u201d, a editoria executiva relembrou momentos da Ditadura no atual Mato Grosso do Sul e conheceu hist\u00f3rias de pessoas que resistiram a este tempo aqui no estado.<\/p>\n<p>A falta de liberdade em um governo ditatorial \u00e9 incompar\u00e1vel com a dos dias atuais, mas n\u00e3o se restringe somente aos anos 1960, 70 e 80. Essa palavra, que proporcionou o direcionamento das nossas produ\u00e7\u00f5es, \u00e9 muito usada em incont\u00e1veis contextos, mas ser\u00e1 que sabemos plenamente o que ela significa? Quais problem\u00e1ticas perpassam o exerc\u00edcio da liberdade? Liberdade considera ra\u00e7a, g\u00eanero, orienta\u00e7\u00e3o sexual e outras minorias sociais?<\/p>\n<p>Nesta edi\u00e7\u00e3o, o Proj\u00e9til apresenta a liberdade como tema central, percorrendo diversos subtemas intr\u00ednsecos e ela. \u201cTempo para liberdade\u201d, por exemplo, \u00e9 uma reportagem que trata do lazer. Quem e como temos acesso a ele, ainda que seja um direito garantido pela Constitui\u00e7\u00e3o Federal.<\/p>\n\n\n<figure class=\"wp-block-image size-large\"><img loading=\"lazy\" decoding=\"async\" width=\"1024\" height=\"678\" src=\"https:\/\/jornalismo-faalc.ufms.br\/projetil\/wp-content\/uploads\/sites\/2\/2024\/06\/turma-102-final-1024x678.jpg\" alt=\"\" class=\"wp-image-4371\" srcset=\"https:\/\/jornalismo-faalc.ufms.br\/projetil\/wp-content\/uploads\/sites\/2\/2024\/06\/turma-102-final-1024x678.jpg 1024w, https:\/\/jornalismo-faalc.ufms.br\/projetil\/wp-content\/uploads\/sites\/2\/2024\/06\/turma-102-final-300x199.jpg 300w, https:\/\/jornalismo-faalc.ufms.br\/projetil\/wp-content\/uploads\/sites\/2\/2024\/06\/turma-102-final-768x509.jpg 768w, https:\/\/jornalismo-faalc.ufms.br\/projetil\/wp-content\/uploads\/sites\/2\/2024\/06\/turma-102-final-1536x1017.jpg 1536w, https:\/\/jornalismo-faalc.ufms.br\/projetil\/wp-content\/uploads\/sites\/2\/2024\/06\/turma-102-final-2048x1356.jpg 2048w, https:\/\/jornalismo-faalc.ufms.br\/projetil\/wp-content\/uploads\/sites\/2\/2024\/06\/turma-102-final-1200x795.jpg 1200w, https:\/\/jornalismo-faalc.ufms.br\/projetil\/wp-content\/uploads\/sites\/2\/2024\/06\/turma-102-final-1980x1311.jpg 1980w, https:\/\/jornalismo-faalc.ufms.br\/projetil\/wp-content\/uploads\/sites\/2\/2024\/06\/turma-102-final-1250x828.jpg 1250w, https:\/\/jornalismo-faalc.ufms.br\/projetil\/wp-content\/uploads\/sites\/2\/2024\/06\/turma-102-final-400x265.jpg 400w\" sizes=\"auto, (max-width: 1024px) 100vw, 1024px\" \/><figcaption class=\"wp-element-caption\">Turma respons\u00e1vel pela edi\u00e7\u00e3o 102 | Foto: S\u00edlvio Pereira<\/figcaption><\/figure>\n\n\n<p>\u201cPris\u00e3o sem grades\u201d fala das limita\u00e7\u00f5es na ressocializa\u00e7\u00e3o de ex-presidi\u00e1rias e ex-presidi\u00e1rios e como a liberdade para esse grupo \u00e9 apenas uma palavra. J\u00e1 \u201cAmor s\u00f3 dura em liberdade\u201d \u00e9 um texto de opini\u00e3o sobre relacionamentos n\u00e3o-monog\u00e2micos. Al\u00e9m disso, o jornal percorre o v\u00edcio em tecnologia, a jornada exaustiva da maternidade somada ao trabalho fora de casa, o estigma das torcidas organizadas, o trabalho an\u00e1logo \u00e0 escravid\u00e3o, entre outras quest\u00f5es com \u00e2nsia de liberdade.<\/p>\n<p>Os gramas de maconha dependem da cor de pele para diferenciar o dependente qu\u00edmico do traficante. O racismo define quem deve ser culpado e quem, punido quando porta uma trouxinha de baseado. O tema \u00e9 tratado como tabu, estigma e com racismo. Ideologias e polariza\u00e7\u00f5es n\u00e3o permitem um aprofundamento na discuss\u00e3o que se arrasta por anos: a descriminaliza\u00e7\u00e3o da maconha para casos espec\u00edficos. O enfrentamento a temas sens\u00edveis pela sociedade passa pelas ruas e tamb\u00e9m pelos lares.<br \/>Casamentos entre adolescentes do sexo feminino com homens muito mais velhos impedem a experi\u00eancia da juventude em troca da promessa de uma ascens\u00e3o socioecon\u00f4mica.<\/p>\n<p>Todos esses assuntos (e mais) s\u00e3o tratados do ponto de vista libert\u00e1rio, na busca por compreender um pouco mais sobre esse tema t\u00e3o vasto e valioso, mas constantemente amea\u00e7ado.<\/p>\n<p>Uma \u00f3tima e liberta leitura!<\/p>\n\n\n<div class=\"wp-block-buttons is-content-justification-center is-layout-flex wp-container-core-buttons-is-layout-16018d1d wp-block-buttons-is-layout-flex\">\n<div class=\"wp-block-button\"><a class=\"wp-block-button__link has-background-color has-accent-background-color has-text-color has-background has-link-color has-text-align-center wp-element-button\" href=\"https:\/\/jornalismo-faalc.ufms.br\/projetil\/projetil-102\/\">VOLTAR PARA A EDI\u00c7\u00c3O 102<\/a><\/div>\n<\/div>\n","protected":false},"excerpt":{"rendered":"<p>O tema do Proj\u00e9til 102 nasceu de uma anton\u00edmia. Quando nos demos conta de que em 2024 a Ditadura Militar completaria 60 anos, n\u00e3o pod\u00edamos deixar de falar sobre um assunto t\u00e3o marcante na constru\u00e7\u00e3o da identidade brasileira atual. Com isso, a partir das conversas entre alunas, alunos e professoras, surgiu a ideia de trazermos [&hellip;]<\/p>\n","protected":false},"author":35,"featured_media":0,"comment_status":"closed","ping_status":"open","sticky":false,"template":"","format":"standard","meta":{"footnotes":""},"categories":[18],"tags":[],"class_list":["post-4370","post","type-post","status-publish","format-standard","hentry","category-editorial"],"_links":{"self":[{"href":"https:\/\/jornalismo-faalc.ufms.br\/projetil\/wp-json\/wp\/v2\/posts\/4370","targetHints":{"allow":["GET"]}}],"collection":[{"href":"https:\/\/jornalismo-faalc.ufms.br\/projetil\/wp-json\/wp\/v2\/posts"}],"about":[{"href":"https:\/\/jornalismo-faalc.ufms.br\/projetil\/wp-json\/wp\/v2\/types\/post"}],"author":[{"embeddable":true,"href":"https:\/\/jornalismo-faalc.ufms.br\/projetil\/wp-json\/wp\/v2\/users\/35"}],"replies":[{"embeddable":true,"href":"https:\/\/jornalismo-faalc.ufms.br\/projetil\/wp-json\/wp\/v2\/comments?post=4370"}],"version-history":[{"count":4,"href":"https:\/\/jornalismo-faalc.ufms.br\/projetil\/wp-json\/wp\/v2\/posts\/4370\/revisions"}],"predecessor-version":[{"id":4855,"href":"https:\/\/jornalismo-faalc.ufms.br\/projetil\/wp-json\/wp\/v2\/posts\/4370\/revisions\/4855"}],"wp:attachment":[{"href":"https:\/\/jornalismo-faalc.ufms.br\/projetil\/wp-json\/wp\/v2\/media?parent=4370"}],"wp:term":[{"taxonomy":"category","embeddable":true,"href":"https:\/\/jornalismo-faalc.ufms.br\/projetil\/wp-json\/wp\/v2\/categories?post=4370"},{"taxonomy":"post_tag","embeddable":true,"href":"https:\/\/jornalismo-faalc.ufms.br\/projetil\/wp-json\/wp\/v2\/tags?post=4370"}],"curies":[{"name":"wp","href":"https:\/\/api.w.org\/{rel}","templated":true}]}}