{"id":4375,"date":"2024-07-12T10:52:13","date_gmt":"2024-07-12T14:52:13","guid":{"rendered":"https:\/\/jornalismo-faalc.ufms.br\/projetil\/?p=4375"},"modified":"2024-07-12T10:52:37","modified_gmt":"2024-07-12T14:52:37","slug":"ombudswoman","status":"publish","type":"post","link":"https:\/\/jornalismo-faalc.ufms.br\/projetil\/ombudswoman\/","title":{"rendered":"Ombudswoman"},"content":{"rendered":"\n<p class=\"has-text-align-center has-accent-color has-text-color has-link-color wp-elements-424e6e06e0119c6ca085a0c501b1dfcd\"><strong>Texto: Beatriz Barreto e Emilly Nunes <br>Ilustra\u00e7\u00e3o: L\u00edvia Medina<\/strong><\/p>\n\n\n\n<hr class=\"wp-block-separator has-alpha-channel-opacity\" \/>\n\n\n<p>Pouco mais de dois meses, foi o prazo para os estudantes de jornalismo finalizarem a 101\u00aa edi\u00e7\u00e3o do Proj\u00e9til. Essa demanda ficou caracterizada como um trabalho em conjunto feito \u00e0s pressas, \u201cuma uni\u00e3o de esfor\u00e7os\u201d, quase um slogan de supera\u00e7\u00e3o. Por um lado, ajudou a criar a no\u00e7\u00e3o de como \u00e9 a pr\u00e1tica e procura por resultados imediatos a partir das exig\u00eancias do mercado de trabalho. Por outro, refor\u00e7ou um dos principais estigmas relacionados \u00e0 profiss\u00e3o: a divulga\u00e7\u00e3o ou a publica\u00e7\u00e3o de informa\u00e7\u00f5es, sem a devida revis\u00e3o e an\u00e1lise cr\u00edtica aprofundada.<\/p>\n<p>De forma at\u00edpica, devido \u00e0s mudan\u00e7as do curr\u00edculo acad\u00eamico de Jornalismo que tornou a disciplina de Jornal Laborat\u00f3rio anual com a meta de apenas uma publica\u00e7\u00e3o por ano, somadas \u00e0s exig\u00eancias para concorrer ao pr\u00eamio nacional &#8211; Exposi\u00e7\u00e3o de Pesquisa Experimental em Comunica\u00e7\u00e3o (Expocom) -, houve a mobiliza\u00e7\u00e3o de v\u00e1rias disciplinas para viabilizar outra edi\u00e7\u00e3o. Reportagem, Linguagem Jornal\u00edstica, Visualidades Jornal\u00edsticas, Observat\u00f3rio de M\u00eddia, Entrevista e Pesquisa, Edi\u00e7\u00e3o e, Legisla\u00e7\u00e3o e \u00c9tica Jornal\u00edstica. O Proj\u00e9til havia conquistado reconhecimento pelas suas virtudes nas edi\u00e7\u00f5es 98\u00aa e 99\u00aa, que receberam o t\u00edtulo de Melhor Jornal Laborat\u00f3rio do pa\u00eds, premia\u00e7\u00e3o regional concedida pelo Congresso Brasileiro de Ci\u00eancias da Comunica\u00e7\u00e3o (Intercom). E n\u00e3o quis parar por a\u00ed.<\/p>\n<p>Alunos e alunas de diferentes semestres foram inseridos na mesma reda\u00e7\u00e3o com fun\u00e7\u00f5es espec\u00edficas, ou nem tanto, a serem cumpridas. Para alguns, foi o primeiro contato com essa linha produtiva e a inexperi\u00eancia de uns, no confronto com o conhecimento de outros, originou uma obra de qualidade amb\u00edgua. A din\u00e2mica de edi\u00e7\u00e3o, que determinava escolhas motivadas pelo direcionamento da fun\u00e7\u00e3o, como revis\u00e3o e finaliza\u00e7\u00e3o textual, acabou por desagradar alguns redatores, que por certas vezes, n\u00e3o foram consultados sobre essas decis\u00f5es.<\/p>\n<p>Quanto \u00e0s suas caracter\u00edsticas, a 101\u00aa edi\u00e7\u00e3o \u00e9 marcada pelo uso do ger\u00fandio a cada p\u00e1gina virada e alguns erros de concord\u00e2ncia gramatical, al\u00e9m do uso constante de termos espec\u00edficos sem explica\u00e7\u00e3o ante ou posterior. \u201cTodo Dia \u00e9 Dia de Exu\u201d, a reportagem de capa, foi um dos \u00fanicos textos que se preocuparam em apresentar gloss\u00e1rio para os leitores. Os t\u00edtulos se mostram adequados quanto \u00e0s suas fun\u00e7\u00f5es e as legendas s\u00e3o complementares.<\/p>\n\n\n<figure class=\"wp-block-image size-large\"><img loading=\"lazy\" decoding=\"async\" width=\"1024\" height=\"890\" src=\"https:\/\/jornalismo-faalc.ufms.br\/projetil\/wp-content\/uploads\/sites\/2\/2024\/06\/iLUSTRACAO-FINAL-UMB-RGB-1-1024x890.jpg\" alt=\"\" class=\"wp-image-4394\" srcset=\"https:\/\/jornalismo-faalc.ufms.br\/projetil\/wp-content\/uploads\/sites\/2\/2024\/06\/iLUSTRACAO-FINAL-UMB-RGB-1-1024x890.jpg 1024w, https:\/\/jornalismo-faalc.ufms.br\/projetil\/wp-content\/uploads\/sites\/2\/2024\/06\/iLUSTRACAO-FINAL-UMB-RGB-1-300x261.jpg 300w, https:\/\/jornalismo-faalc.ufms.br\/projetil\/wp-content\/uploads\/sites\/2\/2024\/06\/iLUSTRACAO-FINAL-UMB-RGB-1-768x668.jpg 768w, https:\/\/jornalismo-faalc.ufms.br\/projetil\/wp-content\/uploads\/sites\/2\/2024\/06\/iLUSTRACAO-FINAL-UMB-RGB-1-1536x1335.jpg 1536w, https:\/\/jornalismo-faalc.ufms.br\/projetil\/wp-content\/uploads\/sites\/2\/2024\/06\/iLUSTRACAO-FINAL-UMB-RGB-1-2048x1780.jpg 2048w, https:\/\/jornalismo-faalc.ufms.br\/projetil\/wp-content\/uploads\/sites\/2\/2024\/06\/iLUSTRACAO-FINAL-UMB-RGB-1-1200x1043.jpg 1200w, https:\/\/jornalismo-faalc.ufms.br\/projetil\/wp-content\/uploads\/sites\/2\/2024\/06\/iLUSTRACAO-FINAL-UMB-RGB-1-1980x1721.jpg 1980w, https:\/\/jornalismo-faalc.ufms.br\/projetil\/wp-content\/uploads\/sites\/2\/2024\/06\/iLUSTRACAO-FINAL-UMB-RGB-1-1250x1087.jpg 1250w, https:\/\/jornalismo-faalc.ufms.br\/projetil\/wp-content\/uploads\/sites\/2\/2024\/06\/iLUSTRACAO-FINAL-UMB-RGB-1-400x348.jpg 400w\" sizes=\"auto, (max-width: 1024px) 100vw, 1024px\" \/><\/figure>\n\n\n<p>No que se refere \u00e0 sua apresenta\u00e7\u00e3o, o uso de cores contrastantes para diferenciar as edi\u00e7\u00f5es seguiu o padr\u00e3o editorial da identidade visual do jornal, mas o mesmo n\u00e3o foi percebido na composi\u00e7\u00e3o das ilustra\u00e7\u00f5es, que trouxeram despadroniza\u00e7\u00e3o em cores v\u00edvidas, fortes e neutras, al\u00e9m de, diferentes tra\u00e7os e estilos que acarretaram em caos informativo. Na reportagem Preconceito no sangue, a tem\u00e1tica s\u00e9ria por pouco n\u00e3o perdeu sentido e se tornou infantilizada pelo uso dos elementos extras decorativos; que tamb\u00e9m abriram espa\u00e7o para a interpreta\u00e7\u00e3o oposta e n\u00e3o condizente, sugestiva de automutila\u00e7\u00e3o com os riscos vermelhos.<\/p>\n<p>Outra quest\u00e3o, foi o pouco investimento no fotojornalismo, devido ao jornal ter sido montado a partir de reportagens j\u00e1 conclu\u00eddas. A dificuldade para novas capta\u00e7\u00f5es de imagens, deram lugar \u00e0 ilustra\u00e7\u00f5es, colagens ou infografias, interessantes, mas excessivas. N\u00e3o houve modelo a ser seguido nas fotos, por exemplo, umas est\u00e3o coloridas e outras, est\u00e3o em preto e branco, sem motivo aparente de signific\u00e2ncia.<\/p>\n<p>Uma nova fase do jornal veio pela 101\u00b0; ansiosa e apressada e o que poderia ser a solu\u00e7\u00e3o, levantou um dilema \u00e9tico-pedag\u00f3gico. Se a produ\u00e7\u00e3o permanecer nessas configura\u00e7\u00f5es, isso pode prejudicar a fun\u00e7\u00e3o log\u00edstica do jornal. A edi\u00e7\u00e3o 100 mostrou a dedica\u00e7\u00e3o do corpo docente e discente, e evidenciou uma hist\u00f3ria de progressos e de pr\u00e1ticas jornal\u00edsticas que foram aperfei\u00e7oadas, o que n\u00e3o aconteceu na 101. Ainda assim, todo o trabalho foi v\u00e1lido para perceber que, para obter uma produtividade cada vez melhor, \u00e9 preciso respeitar o tempo de reflex\u00e3o e organiza\u00e7\u00e3o que s\u00e3o cab\u00edveis a essa proposta experimental, e aceitar as cr\u00edticas na busca pela qualidade. A solu\u00e7\u00e3o ent\u00e3o \u00e9 desacelerar e continuar, pois o Proj\u00e9til n\u00e3o para.<\/p>\n\n\n<div class=\"wp-block-buttons is-content-justification-center is-layout-flex wp-container-core-buttons-is-layout-16018d1d wp-block-buttons-is-layout-flex\">\n<div class=\"wp-block-button\"><a class=\"wp-block-button__link has-background-color has-accent-background-color has-text-color has-background has-link-color wp-element-button\" href=\"https:\/\/jornalismo-faalc.ufms.br\/projetil\/projetil-102\/\">VOLTAR PARA A EDI\u00c7\u00c3O 102<\/a><\/div>\n<\/div>\n","protected":false},"excerpt":{"rendered":"<p>Texto: Beatriz Barreto e Emilly Nunes Ilustra\u00e7\u00e3o: L\u00edvia Medina Pouco mais de dois meses, foi o prazo para os estudantes de jornalismo finalizarem a 101\u00aa edi\u00e7\u00e3o do Proj\u00e9til. Essa demanda ficou caracterizada como um trabalho em conjunto feito \u00e0s pressas, \u201cuma uni\u00e3o de esfor\u00e7os\u201d, quase um slogan de supera\u00e7\u00e3o. Por um lado, ajudou a criar [&hellip;]<\/p>\n","protected":false},"author":35,"featured_media":0,"comment_status":"closed","ping_status":"open","sticky":false,"template":"","format":"standard","meta":{"footnotes":""},"categories":[34],"tags":[],"class_list":["post-4375","post","type-post","status-publish","format-standard","hentry","category-ombudsman"],"_links":{"self":[{"href":"https:\/\/jornalismo-faalc.ufms.br\/projetil\/wp-json\/wp\/v2\/posts\/4375","targetHints":{"allow":["GET"]}}],"collection":[{"href":"https:\/\/jornalismo-faalc.ufms.br\/projetil\/wp-json\/wp\/v2\/posts"}],"about":[{"href":"https:\/\/jornalismo-faalc.ufms.br\/projetil\/wp-json\/wp\/v2\/types\/post"}],"author":[{"embeddable":true,"href":"https:\/\/jornalismo-faalc.ufms.br\/projetil\/wp-json\/wp\/v2\/users\/35"}],"replies":[{"embeddable":true,"href":"https:\/\/jornalismo-faalc.ufms.br\/projetil\/wp-json\/wp\/v2\/comments?post=4375"}],"version-history":[{"count":4,"href":"https:\/\/jornalismo-faalc.ufms.br\/projetil\/wp-json\/wp\/v2\/posts\/4375\/revisions"}],"predecessor-version":[{"id":4408,"href":"https:\/\/jornalismo-faalc.ufms.br\/projetil\/wp-json\/wp\/v2\/posts\/4375\/revisions\/4408"}],"wp:attachment":[{"href":"https:\/\/jornalismo-faalc.ufms.br\/projetil\/wp-json\/wp\/v2\/media?parent=4375"}],"wp:term":[{"taxonomy":"category","embeddable":true,"href":"https:\/\/jornalismo-faalc.ufms.br\/projetil\/wp-json\/wp\/v2\/categories?post=4375"},{"taxonomy":"post_tag","embeddable":true,"href":"https:\/\/jornalismo-faalc.ufms.br\/projetil\/wp-json\/wp\/v2\/tags?post=4375"}],"curies":[{"name":"wp","href":"https:\/\/api.w.org\/{rel}","templated":true}]}}