{"id":4382,"date":"2024-07-12T10:50:50","date_gmt":"2024-07-12T14:50:50","guid":{"rendered":"https:\/\/jornalismo-faalc.ufms.br\/projetil\/?p=4382"},"modified":"2024-07-12T10:51:15","modified_gmt":"2024-07-12T14:51:15","slug":"expediente-4","status":"publish","type":"post","link":"https:\/\/jornalismo-faalc.ufms.br\/projetil\/expediente-4\/","title":{"rendered":"Expediente"},"content":{"rendered":"\n<hr class=\"wp-block-separator has-alpha-channel-opacity\" \/>\n\n\n<p>Jornal Laborat\u00f3rio do Curso de Jornalismo da Universidade Federal de Mato Grosso do Sul &#8211; 2024\/1. Produzido por acad\u00eamicos e acad\u00eamicas vinculados \u00e0 disciplina de Jornal Laborat\u00f3rio sob orienta\u00e7\u00e3o das professoras Katarini Giroldo Miguel e Rafaella Lopes P. Peres.<\/p>\n<p><strong>Capa:<\/strong> foto de Arthur Ayres, imagem manipulada.<\/p>\n<p><strong>Editoria executiva:<\/strong> Glenda Rodrigues,Fernanda S\u00e1, Murilo Medeiros e Maria Gabriela Arcanjo<\/p>\n<p><strong>Editoria de reportagem:<\/strong> Marcos Paulo Laureano, Pietra Dorneles, Julia Barreto, Gabrielly Pedra, Geovanna Bortolli, Ingrid Prot\u00e1sio, Ariane Vilharva, Sarah Espindola, Isadora Colete, Julia Nogueira, Arthur Ayres, Allana Ferreira, Ra\u00edssa Rojas, Gabriel Diniz, Daniel Baptista, Felipe Machado, Beatriz Barreto, Giovanna Fernandes, Roberta Dorneles, Mariana Pesquero e Ana Beatriz Leal<\/p>\n<p><strong>Editoria de arte:<\/strong> L\u00edvia Medina, Anne Marinho, Milena Melo, Jo\u00e3o Antonio e Eliel Dias<\/p>\n<p><strong>Editoria de Opini\u00e3o:<\/strong> Emilly Nunes, Sandy Ruiz, Maria Eduarda Fernandes e Jo\u00e3o Vitor Marques<\/p>\n<p><strong>Monitores:<\/strong> Helder Carvalho, Giulia Fonseca e Maur\u00edcio Aguiar<\/p>\n<p><strong>Impress\u00e3o:<\/strong> rbdigital<\/p>\n<p>Correspond\u00eancia \u2013 Jornal Laborat\u00f3rio Proj\u00e9til \u2013 Curso de Jornalismo \u2013 Faculdade de Artes, Letras e Comunica\u00e7\u00e3o (FAALC) \u2013 Cidade Universit\u00e1ria, s\/n, CEP 79.070-900 \u2013<\/p>\n<p>Campo Grande \/ MS. Fone: (67) 3345.7607 \u2013 E-mail: jorn.faalc@ufms.br (Jornalismo UFMS).<\/p>\n<p><strong>As mat\u00e9rias veiculadas n\u00e3o representam, necessariamente, a opini\u00e3o da UFMS ou de seus dirigentes, nem dos docentes ou totalidade da turma.<\/strong><\/p>\n\n\n<div class=\"wp-block-buttons is-content-justification-center is-layout-flex wp-container-core-buttons-is-layout-16018d1d wp-block-buttons-is-layout-flex\">\n<div class=\"wp-block-button\"><a class=\"wp-block-button__link has-background-color has-accent-background-color has-text-color has-background has-link-color wp-element-button\" href=\"https:\/\/jornalismo-faalc.ufms.br\/projetil\/projetil-102\/\">VOLTAR PARA A EDI\u00c7\u00c3O 102<\/a><\/div>\n<\/div>\n","protected":false},"excerpt":{"rendered":"<p>Jornal Laborat\u00f3rio do Curso de Jornalismo da Universidade Federal de Mato Grosso do Sul &#8211; 2024\/1. Produzido por acad\u00eamicos e acad\u00eamicas vinculados \u00e0 disciplina de Jornal Laborat\u00f3rio sob orienta\u00e7\u00e3o das professoras Katarini Giroldo Miguel e Rafaella Lopes P. Peres. Capa: foto de Arthur Ayres, imagem manipulada. Editoria executiva: Glenda Rodrigues,Fernanda S\u00e1, Murilo Medeiros e Maria [&hellip;]<\/p>\n","protected":false},"author":35,"featured_media":0,"comment_status":"closed","ping_status":"open","sticky":false,"template":"","format":"standard","meta":{"footnotes":""},"categories":[24],"tags":[],"class_list":["post-4382","post","type-post","status-publish","format-standard","hentry","category-expediente"],"_links":{"self":[{"href":"https:\/\/jornalismo-faalc.ufms.br\/projetil\/wp-json\/wp\/v2\/posts\/4382","targetHints":{"allow":["GET"]}}],"collection":[{"href":"https:\/\/jornalismo-faalc.ufms.br\/projetil\/wp-json\/wp\/v2\/posts"}],"about":[{"href":"https:\/\/jornalismo-faalc.ufms.br\/projetil\/wp-json\/wp\/v2\/types\/post"}],"author":[{"embeddable":true,"href":"https:\/\/jornalismo-faalc.ufms.br\/projetil\/wp-json\/wp\/v2\/users\/35"}],"replies":[{"embeddable":true,"href":"https:\/\/jornalismo-faalc.ufms.br\/projetil\/wp-json\/wp\/v2\/comments?post=4382"}],"version-history":[{"count":2,"href":"https:\/\/jornalismo-faalc.ufms.br\/projetil\/wp-json\/wp\/v2\/posts\/4382\/revisions"}],"predecessor-version":[{"id":4407,"href":"https:\/\/jornalismo-faalc.ufms.br\/projetil\/wp-json\/wp\/v2\/posts\/4382\/revisions\/4407"}],"wp:attachment":[{"href":"https:\/\/jornalismo-faalc.ufms.br\/projetil\/wp-json\/wp\/v2\/media?parent=4382"}],"wp:term":[{"taxonomy":"category","embeddable":true,"href":"https:\/\/jornalismo-faalc.ufms.br\/projetil\/wp-json\/wp\/v2\/categories?post=4382"},{"taxonomy":"post_tag","embeddable":true,"href":"https:\/\/jornalismo-faalc.ufms.br\/projetil\/wp-json\/wp\/v2\/tags?post=4382"}],"curies":[{"name":"wp","href":"https:\/\/api.w.org\/{rel}","templated":true}]}}