{"id":5240,"date":"2025-07-10T16:22:11","date_gmt":"2025-07-10T20:22:11","guid":{"rendered":"https:\/\/jornalismo-faalc.ufms.br\/projetil\/?p=5240"},"modified":"2025-07-10T16:22:12","modified_gmt":"2025-07-10T20:22:12","slug":"glossario","status":"publish","type":"post","link":"https:\/\/jornalismo-faalc.ufms.br\/projetil\/glossario\/","title":{"rendered":"Gloss\u00e1rio"},"content":{"rendered":"\n<hr class=\"wp-block-separator has-alpha-channel-opacity is-style-default\" \/>\n\n\n\n<p><b>Miscigena\u00e7\u00e3o<\/b><span style=\"font-weight: 400\"> &#8211; \u00e9 o resultado do processo da mistura entre pessoas de diferentes grupos \u00e9tnicos;<\/span><\/p>\n\n\n\n<p><b>Abya Yala <\/b><span style=\"font-weight: 400\">&#8211; <\/span><span style=\"font-weight: 400\">&nbsp;\u00e9 o nome dado ao continente americano na l\u00edngua ind\u00edgena Kuna, em tradu\u00e7\u00e3o pode ser &#8220;terra materna&#8221;. O termo come\u00e7ou a ser usado no s\u00e9culo XXI pelas comunidades ind\u00edgenas para evitar a designa\u00e7\u00e3o euroc\u00eantrica &#8220;Am\u00e9rica&#8221;;<\/span><\/p>\n\n\n\n<p><b>Sincretismo religioso<\/b><span style=\"font-weight: 400\"> &#8211; mistura de doutrinas religiosas que, quando apropriados, s\u00e3o ressignificadas e passam a ser professadas;<\/span><\/p>\n\n\n\n<p><b>Democracia Racial<\/b><span style=\"font-weight: 400\"> &#8211; <\/span><span style=\"font-weight: 400\">igualdade entre as pessoas independente da ra\u00e7a;<\/span><\/p>\n\n\n\n<p><b>Ajustamento racial<\/b><span style=\"font-weight: 400\"> &#8211; <\/span><span style=\"font-weight: 400\">pol\u00edticas p\u00fablicas que visam diminuir a desigualdade dos diferentes grupos raciais;<\/span><\/p>\n\n\n\n<p><b>Pindorama<\/b><span style=\"font-weight: 400\"> &#8211; n<\/span><span style=\"font-weight: 400\">ome dado ao territ\u00f3rio brasileiro pelo ind\u00edgenas Tupi antes da coloniza\u00e7\u00e3o portuguesa;<\/span><\/p>\n\n\n\n<p><b>Antropom\u00f3rfico<\/b><span style=\"font-weight: 400\"> &#8211; <\/span><span style=\"font-weight: 400\">atribuir caracter\u00edsticas humanas a animais ou coisas;<\/span><\/p>\n\n\n\n<p><b>S\u00edndrome do vira-lata<\/b><span style=\"font-weight: 400\"> &#8211; <\/span><span style=\"font-weight: 400\">a forma como o brasileiro se inferioriza, ou o Brasil, quando comparado ao restante do mundo;<\/span><\/p>\n\n\n\n<div class=\"wp-block-buttons is-content-justification-center is-layout-flex wp-container-core-buttons-is-layout-16018d1d wp-block-buttons-is-layout-flex\">\n<div class=\"wp-block-button\"><a class=\"wp-block-button__link has-background-color has-text-color has-link-color wp-element-button\" href=\"https:\/\/jornalismo-faalc.ufms.br\/projetil\/projetil-104\">VOLTAR PARA EDI\u00c7\u00c3O 104<\/a><\/div>\n<\/div>\n","protected":false},"excerpt":{"rendered":"<p>Miscigena\u00e7\u00e3o &#8211; \u00e9 o resultado do processo da mistura entre pessoas de diferentes grupos \u00e9tnicos; Abya Yala &#8211; &nbsp;\u00e9 o nome dado ao continente americano na l\u00edngua ind\u00edgena Kuna, em tradu\u00e7\u00e3o pode ser &#8220;terra materna&#8221;. O termo come\u00e7ou a ser usado no s\u00e9culo XXI pelas comunidades ind\u00edgenas para evitar a designa\u00e7\u00e3o euroc\u00eantrica &#8220;Am\u00e9rica&#8221;; Sincretismo religioso [&hellip;]<\/p>\n","protected":false},"author":35,"featured_media":0,"comment_status":"closed","ping_status":"open","sticky":false,"template":"","format":"standard","meta":{"footnotes":""},"categories":[42],"tags":[],"class_list":["post-5240","post","type-post","status-publish","format-standard","hentry","category-especial104"],"_links":{"self":[{"href":"https:\/\/jornalismo-faalc.ufms.br\/projetil\/wp-json\/wp\/v2\/posts\/5240","targetHints":{"allow":["GET"]}}],"collection":[{"href":"https:\/\/jornalismo-faalc.ufms.br\/projetil\/wp-json\/wp\/v2\/posts"}],"about":[{"href":"https:\/\/jornalismo-faalc.ufms.br\/projetil\/wp-json\/wp\/v2\/types\/post"}],"author":[{"embeddable":true,"href":"https:\/\/jornalismo-faalc.ufms.br\/projetil\/wp-json\/wp\/v2\/users\/35"}],"replies":[{"embeddable":true,"href":"https:\/\/jornalismo-faalc.ufms.br\/projetil\/wp-json\/wp\/v2\/comments?post=5240"}],"version-history":[{"count":2,"href":"https:\/\/jornalismo-faalc.ufms.br\/projetil\/wp-json\/wp\/v2\/posts\/5240\/revisions"}],"predecessor-version":[{"id":5242,"href":"https:\/\/jornalismo-faalc.ufms.br\/projetil\/wp-json\/wp\/v2\/posts\/5240\/revisions\/5242"}],"wp:attachment":[{"href":"https:\/\/jornalismo-faalc.ufms.br\/projetil\/wp-json\/wp\/v2\/media?parent=5240"}],"wp:term":[{"taxonomy":"category","embeddable":true,"href":"https:\/\/jornalismo-faalc.ufms.br\/projetil\/wp-json\/wp\/v2\/categories?post=5240"},{"taxonomy":"post_tag","embeddable":true,"href":"https:\/\/jornalismo-faalc.ufms.br\/projetil\/wp-json\/wp\/v2\/tags?post=5240"}],"curies":[{"name":"wp","href":"https:\/\/api.w.org\/{rel}","templated":true}]}}